{"id":2907,"date":"2016-09-26T15:00:00","date_gmt":"2016-09-26T15:00:00","guid":{"rendered":"https:\/\/saloanoticias.mrmediaweb.com\/v1\/2016\/09\/26\/magno-martins-e-altamir-apontam-vitoria-facil-de-ricardo-em-saloa\/"},"modified":"2016-09-26T15:00:00","modified_gmt":"2016-09-26T15:00:00","slug":"magno-martins-e-altamir-apontam-vitoria-facil-de-ricardo-em-saloa","status":"publish","type":"post","link":"https:\/\/www.saloanoticias.com\/v1\/magno-martins-e-altamir-apontam-vitoria-facil-de-ricardo-em-saloa\/","title":{"rendered":"MAGNO MARTINS E ALTAMIR APONTAM UMA VIT\u00d3RIA F\u00c1CIL DE RICARDO EM SALO\u00c1"},"content":{"rendered":"<p align=\"justify\"><font size=\"3\" face=\"Arial\"><a href=\"http:\/\/www.saloanoticias.com\/images\/ricardo-alves-de-salo_c226b46e42df8cea1a37facd634dde57.jpg\"><img loading=\"lazy\" decoding=\"async\" title=\"Ricardo Alves de Salo&aacute;\" style=\"border-top: 0px; border-right: 0px; background-image: none; border-bottom: 0px; float: left; padding-top: 0px; padding-left: 0px; margin: 5px 5px 0px 0px; border-left: 0px; display: inline; padding-right: 0px\" border=\"0\" alt=\"Ricardo Alves de Salo&aacute;\" src=\"http:\/\/www.saloanoticias.com\/v1\/wp-content\/uploads\/imagens\/ricardo-alves-de-salo_thumb_c7d22197be6a37154f07ec6ebe94311a.jpg\" width=\"270\" align=\"left\" height=\"213\"><\/a>Magno Martins, hoje em sua coluna, publicada no blog, escreve que as elei\u00e7\u00f5es em Pernambuco, no pr\u00f3ximo domingo, ser\u00e3o disputadas voto a voto em algumas cidades. Segundo ele \u00e9 o caso de Flores, no Sert\u00e3o, Carpina, na Zona da Mata Norte, e Vit\u00f3ria de Santo Ant\u00e3o, na Zona da Mata Sul.<\/font> <font size=\"3\" face=\"Arial\">O jornalista pondera, por\u00e9m, que em outros munic\u00edpios a elei\u00e7\u00e3o j\u00e1 est\u00e1 definida. Em Ouricuri (Sert\u00e3o), Palmares (Zona da Mata Sul), Serra Talhada e Garanhuns, Ricardo Ramos (PSDB), Altair J\u00fanior (PMDB), Luciano Duque (PT) e Iza\u00edas R\u00e9gis PTB) j\u00e1 \u201cpodem comprar o terno da posse\u201d, pois pelas pesquisas est\u00e3o matematicamente garantidos.<\/font>  <\/p>\n<p align=\"justify\"><font size=\"3\" face=\"Arial\">Mesmo sem contar com os dados estat\u00edsticos do Instituto Opini\u00e3o, o articulista Altamir Pinheiro, que mora aqui em Garanhuns, tamb\u00e9m aponta como vitoriosos na elei\u00e7\u00e3o do dia 2 os seguintes candidatos: Valmir do Leite (Paranatama),&nbsp; Ant\u00f4nio de Lula (Iati),&nbsp; Ricardo Alves (Salo\u00e1), Edimilson da Bahia (Correntes) e Marcos Patriota (Jupi).<\/font> <font size=\"3\" face=\"Arial\">Altamir tamb\u00e9m d\u00e1 como amplos favoritos os candidatos Iza\u00edas R\u00e9gis (Garanhuns), Neide Reino (Capoeiras) e Armando Duarte (Caet\u00e9s). Segundo o articulista s\u00f3 uma \u201checatombe\u201d levaria um desses nomes \u00e0 derrota.<\/font>  <\/p>\n<p align=\"justify\"><font size=\"3\" face=\"Arial\">De todos os citados por Magno e Altamir eu faria reparos somente com rela\u00e7\u00e3o a Iati. Os dados daquele munic\u00edpio indicam uma polariza\u00e7\u00e3o de Ant\u00f4nio com Alexandre. A meu ver o vencedor tanto pode ser um quanto o outro. <strong><font size=\"2\">Fonte: Blog do Roberto Almeida<\/font><\/strong><\/font><\/p>\n<div style=\"margin-top: 0px; margin-bottom: 0px;\" class=\"sharethis-inline-share-buttons\" ><\/div>","protected":false},"excerpt":{"rendered":"<p>Magno Martins, hoje em sua coluna, publicada no blog, escreve que as elei\u00e7\u00f5es em Pernambuco, no pr\u00f3ximo domingo, ser\u00e3o disputadas voto a voto em algumas cidades. Segundo ele \u00e9 o caso de Flores, no Sert\u00e3o, Carpina, na Zona da Mata Norte, e Vit\u00f3ria de Santo Ant\u00e3o, na Zona da Mata Sul. O jornalista pondera, por\u00e9m, [&hellip;]<\/p>\n","protected":false},"author":1,"featured_media":0,"comment_status":"open","ping_status":"open","sticky":false,"template":"","format":"standard","meta":{"footnotes":""},"categories":[2],"tags":[],"class_list":["post-2907","post","type-post","status-publish","format-standard","hentry","category-noticias-do-dia"],"_links":{"self":[{"href":"https:\/\/www.saloanoticias.com\/v1\/wp-json\/wp\/v2\/posts\/2907","targetHints":{"allow":["GET"]}}],"collection":[{"href":"https:\/\/www.saloanoticias.com\/v1\/wp-json\/wp\/v2\/posts"}],"about":[{"href":"https:\/\/www.saloanoticias.com\/v1\/wp-json\/wp\/v2\/types\/post"}],"author":[{"embeddable":true,"href":"https:\/\/www.saloanoticias.com\/v1\/wp-json\/wp\/v2\/users\/1"}],"replies":[{"embeddable":true,"href":"https:\/\/www.saloanoticias.com\/v1\/wp-json\/wp\/v2\/comments?post=2907"}],"version-history":[{"count":0,"href":"https:\/\/www.saloanoticias.com\/v1\/wp-json\/wp\/v2\/posts\/2907\/revisions"}],"wp:attachment":[{"href":"https:\/\/www.saloanoticias.com\/v1\/wp-json\/wp\/v2\/media?parent=2907"}],"wp:term":[{"taxonomy":"category","embeddable":true,"href":"https:\/\/www.saloanoticias.com\/v1\/wp-json\/wp\/v2\/categories?post=2907"},{"taxonomy":"post_tag","embeddable":true,"href":"https:\/\/www.saloanoticias.com\/v1\/wp-json\/wp\/v2\/tags?post=2907"}],"curies":[{"name":"wp","href":"https:\/\/api.w.org\/{rel}","templated":true}]}}