{"id":29062,"date":"2025-07-23T23:07:08","date_gmt":"2025-07-24T02:07:08","guid":{"rendered":"https:\/\/www.saloanoticias.com\/v1\/?p=29062"},"modified":"2025-07-23T23:08:13","modified_gmt":"2025-07-24T02:08:13","slug":"prefeitura-de-saloa-entrega-reforma-da-ubs-antonio-barros-na-cohab-nova","status":"publish","type":"post","link":"https:\/\/www.saloanoticias.com\/v1\/prefeitura-de-saloa-entrega-reforma-da-ubs-antonio-barros-na-cohab-nova\/","title":{"rendered":"Prefeitura de Salo\u00e1 entrega reforma da UBS Ant\u00f4nio Barros, na Cohab Nova"},"content":{"rendered":"\n<p>A Prefeitura Municipal de Salo\u00e1 entregou \u00e0 popula\u00e7\u00e3o mais uma importante obra na \u00e1rea da sa\u00fade: a reforma da Unidade B\u00e1sica de Sa\u00fade Ant\u00f4nio Barros, localizada na Cohab Nova. A unidade foi totalmente revitalizada, garantindo mais conforto, dignidade e qualidade no atendimento aos usu\u00e1rios do Sistema \u00danico de Sa\u00fade (SUS).<\/p>\n\n\n\n<p>O espa\u00e7o passou por melhorias estruturais, com salas reformadas, novo mobili\u00e1rio, ambienta\u00e7\u00e3o acolhedora e mais organiza\u00e7\u00e3o interna. A UBS agora oferece um ambiente mais adequado tanto para os profissionais de sa\u00fade quanto para os pacientes atendidos diariamente na unidade.<\/p>\n\n\n\n<p>Com a reforma, a popula\u00e7\u00e3o passa a contar com um espa\u00e7o mais acess\u00edvel, limpo e funcional, contribuindo diretamente para o fortalecimento da aten\u00e7\u00e3o b\u00e1sica e o cuidado com a sa\u00fade preventiva.<\/p>\n\n\n\n<p>A Prefeitura de Salo\u00e1, por meio da Secretaria Municipal de Sa\u00fade, reafirma seu compromisso com o bem-estar da popula\u00e7\u00e3o e com investimentos concretos que chegam a todos os cantos do munic\u00edpio.<\/p>\n<div style=\"margin-top: 0px; margin-bottom: 0px;\" class=\"sharethis-inline-share-buttons\" ><\/div>","protected":false},"excerpt":{"rendered":"<p>A Prefeitura Municipal de Salo\u00e1 entregou \u00e0 popula\u00e7\u00e3o mais uma importante obra na \u00e1rea da sa\u00fade: a reforma da Unidade B\u00e1sica de Sa\u00fade Ant\u00f4nio Barros, localizada na Cohab Nova. A unidade foi totalmente revitalizada, garantindo mais conforto, dignidade e qualidade no atendimento aos usu\u00e1rios do Sistema \u00danico de Sa\u00fade (SUS). O espa\u00e7o passou por melhorias [&hellip;]<\/p>\n","protected":false},"author":1,"featured_media":29063,"comment_status":"closed","ping_status":"closed","sticky":false,"template":"","format":"standard","meta":{"footnotes":""},"categories":[18],"tags":[22],"class_list":["post-29062","post","type-post","status-publish","format-standard","has-post-thumbnail","hentry","category-saude","tag-destaques"],"_links":{"self":[{"href":"https:\/\/www.saloanoticias.com\/v1\/wp-json\/wp\/v2\/posts\/29062","targetHints":{"allow":["GET"]}}],"collection":[{"href":"https:\/\/www.saloanoticias.com\/v1\/wp-json\/wp\/v2\/posts"}],"about":[{"href":"https:\/\/www.saloanoticias.com\/v1\/wp-json\/wp\/v2\/types\/post"}],"author":[{"embeddable":true,"href":"https:\/\/www.saloanoticias.com\/v1\/wp-json\/wp\/v2\/users\/1"}],"replies":[{"embeddable":true,"href":"https:\/\/www.saloanoticias.com\/v1\/wp-json\/wp\/v2\/comments?post=29062"}],"version-history":[{"count":2,"href":"https:\/\/www.saloanoticias.com\/v1\/wp-json\/wp\/v2\/posts\/29062\/revisions"}],"predecessor-version":[{"id":29065,"href":"https:\/\/www.saloanoticias.com\/v1\/wp-json\/wp\/v2\/posts\/29062\/revisions\/29065"}],"wp:featuredmedia":[{"embeddable":true,"href":"https:\/\/www.saloanoticias.com\/v1\/wp-json\/wp\/v2\/media\/29063"}],"wp:attachment":[{"href":"https:\/\/www.saloanoticias.com\/v1\/wp-json\/wp\/v2\/media?parent=29062"}],"wp:term":[{"taxonomy":"category","embeddable":true,"href":"https:\/\/www.saloanoticias.com\/v1\/wp-json\/wp\/v2\/categories?post=29062"},{"taxonomy":"post_tag","embeddable":true,"href":"https:\/\/www.saloanoticias.com\/v1\/wp-json\/wp\/v2\/tags?post=29062"}],"curies":[{"name":"wp","href":"https:\/\/api.w.org\/{rel}","templated":true}]}}