{"id":2906,"date":"2016-09-25T14:00:00","date_gmt":"2016-09-25T14:00:00","guid":{"rendered":"https:\/\/saloanoticias.mrmediaweb.com\/v1\/2016\/09\/25\/hoje-tem-mais-um-grande-comicio-do-cafe-com-leite-na-prata\/"},"modified":"2016-09-25T14:00:00","modified_gmt":"2016-09-25T14:00:00","slug":"hoje-tem-mais-um-grande-comicio-do-cafe-com-leite-na-prata","status":"publish","type":"post","link":"https:\/\/www.saloanoticias.com\/v1\/hoje-tem-mais-um-grande-comicio-do-cafe-com-leite-na-prata\/","title":{"rendered":"CAF\u00c9 COM LEITE REALIZAR\u00c1 OUTRO GRANDE COM\u00cdCIO HOJE NA PRATA"},"content":{"rendered":"<p align=\"justify\"><font size=\"3\" face=\"Arial\"><a href=\"http:\/\/www.saloanoticias.com\/images\/14324500_1729045027346216_3354821526299429689_o_49952564cf1cbc9debf38fdc534d4d69.jpg\"><img loading=\"lazy\" decoding=\"async\" title=\"14324500_1729045027346216_3354821526299429689_o\" style=\"border-top: 0px; border-right: 0px; background-image: none; border-bottom: 0px; float: none; padding-top: 0px; padding-left: 0px; margin: 0px auto 10px; border-left: 0px; display: block; padding-right: 0px\" border=\"0\" alt=\"14324500_1729045027346216_3354821526299429689_o\" src=\"http:\/\/www.saloanoticias.com\/v1\/wp-content\/uploads\/imagens\/14324500_1729045027346216_3354821526299429689_o_thumb_7b6f2e8b2d5f1f6c6d92e98b9e3f8ab9.jpg\" width=\"1478\" height=\"924\"><\/a>A Coliga\u00e7\u00e3o Caf\u00e9 com Leite realiza na tarde deste domingo (25), mais uma grande concentra\u00e7\u00e3o pol\u00edtica no munic\u00edpio, que ser\u00e1 realizada na Vila de Iatec\u00e1 (Prata). Diversas carreatas vindas de outras comunidades est\u00e3o se organizando para se juntarem no local. Os correligion\u00e1rios j\u00e1 se preparam para cantarem as m\u00fasicas de Ricardo e Socorro do Leite, disse um militante. A expectativa \u00e9 que este com\u00edcio supere o anterior da V\u00e1rzea da Serra, em quantidade de pessoas, carros e motos, que at\u00e9 ent\u00e3o foi considerado o maior de todos os tempos.<\/font><\/p>\n<p align=\"justify\"><font size=\"3\" face=\"Arial\">Na programa\u00e7\u00e3o do Caf\u00e9 com Leite consta as chegadas das carreatas, fala dos candidatos e depois o deslocamento de carros e motos em dire\u00e7\u00e3o a sede do munic\u00edpio. A previs\u00e3o da chegada da carreata em Salo\u00e1 est\u00e1 prevista para o come\u00e7o da noite. <\/font><font size=\"3\" face=\"Arial\">Segundo a coordena\u00e7\u00e3o da Coliga\u00e7\u00e3o Caf\u00e9 com Leite, espera-se pelo menos 7.000 pessoas em Salo\u00e1\/PE, hoje. A candidatura de Ricardo e Socorro do Leite vem em uma vis\u00edvel ascens\u00e3o e os analistas pol\u00edticos da cidade acreditam em uma vit\u00f3ria esmagadora no pr\u00f3ximo domingo. Foto: Bruno Alison<\/font><\/p>\n<p align=\"justify\"><font size=\"3\" face=\"Arial\"><strong><font size=\"4\"><a href=\"http:\/\/www.saloanoticias.com\/images\/14192798_10210610231192395_6603656838268767312_n.jpg\"><img loading=\"lazy\" decoding=\"async\" title=\"14192798_10210610231192395_6603656838268767312_n\" style=\"border-top: 0px; border-right: 0px; background-image: none; border-bottom: 0px; float: right; padding-top: 0px; padding-left: 0px; margin: 5px 0px 0px 5px; border-left: 0px; display: inline; padding-right: 0px\" border=\"0\" alt=\"14192798_10210610231192395_6603656838268767312_n\" src=\"http:\/\/www.saloanoticias.com\/v1\/wp-content\/uploads\/imagens\/14192798_10210610231192395_6603656838268767312_n_thumb.jpg\" width=\"240\" align=\"right\" height=\"162\"><\/a>VEREADOR RONALDINHO FAR\u00c1 CARREATA DA V\u00c1RZEA DA SERRA<\/font><\/strong>: Umas das carreatas que promete levar muita gente \u00e9 a do vereador Ronaldinho Birunda (PSB) que sair\u00e1 do S\u00edtio V\u00e1rzea da Serra. O vereador concentra seu povo a partir das 14h na frente do bar do Neguinho, que fica ao lado do PSF. De l\u00e1 Ronaldinho segue em carreata at\u00e9 a Prata. Outra concentra\u00e7\u00e3o do edil sai do povoado Serrinha da Prata em dire\u00e7\u00e3o Iatec\u00e1 tamb\u00e9m.<\/font><\/p>\n<div style=\"margin-top: 0px; margin-bottom: 0px;\" class=\"sharethis-inline-share-buttons\" ><\/div>","protected":false},"excerpt":{"rendered":"<p>A Coliga\u00e7\u00e3o Caf\u00e9 com Leite realiza na tarde deste domingo (25), mais uma grande concentra\u00e7\u00e3o pol\u00edtica no munic\u00edpio, que ser\u00e1 realizada na Vila de Iatec\u00e1 (Prata). Diversas carreatas vindas de outras comunidades est\u00e3o se organizando para se juntarem no local. Os correligion\u00e1rios j\u00e1 se preparam para cantarem as m\u00fasicas de Ricardo e Socorro do Leite, [&hellip;]<\/p>\n","protected":false},"author":1,"featured_media":0,"comment_status":"open","ping_status":"open","sticky":false,"template":"","format":"standard","meta":{"footnotes":""},"categories":[2],"tags":[],"class_list":["post-2906","post","type-post","status-publish","format-standard","hentry","category-noticias-do-dia"],"_links":{"self":[{"href":"https:\/\/www.saloanoticias.com\/v1\/wp-json\/wp\/v2\/posts\/2906","targetHints":{"allow":["GET"]}}],"collection":[{"href":"https:\/\/www.saloanoticias.com\/v1\/wp-json\/wp\/v2\/posts"}],"about":[{"href":"https:\/\/www.saloanoticias.com\/v1\/wp-json\/wp\/v2\/types\/post"}],"author":[{"embeddable":true,"href":"https:\/\/www.saloanoticias.com\/v1\/wp-json\/wp\/v2\/users\/1"}],"replies":[{"embeddable":true,"href":"https:\/\/www.saloanoticias.com\/v1\/wp-json\/wp\/v2\/comments?post=2906"}],"version-history":[{"count":0,"href":"https:\/\/www.saloanoticias.com\/v1\/wp-json\/wp\/v2\/posts\/2906\/revisions"}],"wp:attachment":[{"href":"https:\/\/www.saloanoticias.com\/v1\/wp-json\/wp\/v2\/media?parent=2906"}],"wp:term":[{"taxonomy":"category","embeddable":true,"href":"https:\/\/www.saloanoticias.com\/v1\/wp-json\/wp\/v2\/categories?post=2906"},{"taxonomy":"post_tag","embeddable":true,"href":"https:\/\/www.saloanoticias.com\/v1\/wp-json\/wp\/v2\/tags?post=2906"}],"curies":[{"name":"wp","href":"https:\/\/api.w.org\/{rel}","templated":true}]}}