{"id":2905,"date":"2016-09-24T11:00:00","date_gmt":"2016-09-24T11:00:00","guid":{"rendered":"https:\/\/saloanoticias.mrmediaweb.com\/v1\/2016\/09\/24\/colisao-entre-dois-veiculos-deixa-quatro-mortos-na-br-423-em-garanhuns\/"},"modified":"2016-09-24T11:00:00","modified_gmt":"2016-09-24T11:00:00","slug":"colisao-entre-dois-veiculos-deixa-quatro-mortos-na-br-423-em-garanhuns","status":"publish","type":"post","link":"https:\/\/www.saloanoticias.com\/v1\/colisao-entre-dois-veiculos-deixa-quatro-mortos-na-br-423-em-garanhuns\/","title":{"rendered":"\u201cCOLIS\u00c3O ENTRE VE\u00cdCULOS\u201d DEIXA QUATRO MORTOS NA BR 423 EM GARANHUNS"},"content":{"rendered":"<p align=\"justify\"><font size=\"3\" face=\"Arial\"><a href=\"http:\/\/www.saloanoticias.com\/images\/fullsizerender_5c8c844921aa851dce0044022585925c.jpg\"><img loading=\"lazy\" decoding=\"async\" title=\"FullSizeRender\" style=\"border-top: 0px; border-right: 0px; background-image: none; border-bottom: 0px; float: none; padding-top: 0px; padding-left: 0px; margin: 0px auto 10px; border-left: 0px; display: block; padding-right: 0px\" border=\"0\" alt=\"FullSizeRender\" src=\"http:\/\/www.saloanoticias.com\/v1\/wp-content\/uploads\/imagens\/fullsizerender_thumb_48e08bbccd8914ebcf5321e9201b9021.jpg\" width=\"1435\" height=\"807\"><\/a>Uma colis\u00e3o entre dois ve\u00edculos na noite desta sexta-feira (23),deixou quatro pessoas mortas na rodovia BR-423, entre os munic\u00edpio de Garanhuns e Paranatama. <\/font><font size=\"3\" face=\"Arial\">Entre as v\u00edtimas est\u00e3o duas crian\u00e7as e dois homens, uma quinta v\u00edtima do sexo feminino foi socorrida para o Hospital Regional Dom Moura e devido a gravidade dos ferimentos foi removida para o hospital da restaura\u00e7\u00e3o em Recife. Ainda pelas informa\u00e7\u00f5es, entre as v\u00edtimas fatais est\u00e1 Valdir que \u00e9 irm\u00e3o de Z\u00e9 Bulandeira da Funer\u00e1ria. <\/font><font size=\"3\" face=\"Arial\">Outras informa\u00e7\u00f5es na manh\u00e3 deste s\u00e1bado. <strong><font size=\"2\">Fonte: Agreste Violento<\/font><\/strong><\/font><\/p>\n<div style=\"margin-top: 0px; margin-bottom: 0px;\" class=\"sharethis-inline-share-buttons\" ><\/div>","protected":false},"excerpt":{"rendered":"<p>Uma colis\u00e3o entre dois ve\u00edculos na noite desta sexta-feira (23),deixou quatro pessoas mortas na rodovia BR-423, entre os munic\u00edpio de Garanhuns e Paranatama. Entre as v\u00edtimas est\u00e3o duas crian\u00e7as e dois homens, uma quinta v\u00edtima do sexo feminino foi socorrida para o Hospital Regional Dom Moura e devido a gravidade dos ferimentos foi removida para [&hellip;]<\/p>\n","protected":false},"author":1,"featured_media":0,"comment_status":"open","ping_status":"open","sticky":false,"template":"","format":"standard","meta":{"footnotes":""},"categories":[2],"tags":[],"class_list":["post-2905","post","type-post","status-publish","format-standard","hentry","category-noticias-do-dia"],"_links":{"self":[{"href":"https:\/\/www.saloanoticias.com\/v1\/wp-json\/wp\/v2\/posts\/2905","targetHints":{"allow":["GET"]}}],"collection":[{"href":"https:\/\/www.saloanoticias.com\/v1\/wp-json\/wp\/v2\/posts"}],"about":[{"href":"https:\/\/www.saloanoticias.com\/v1\/wp-json\/wp\/v2\/types\/post"}],"author":[{"embeddable":true,"href":"https:\/\/www.saloanoticias.com\/v1\/wp-json\/wp\/v2\/users\/1"}],"replies":[{"embeddable":true,"href":"https:\/\/www.saloanoticias.com\/v1\/wp-json\/wp\/v2\/comments?post=2905"}],"version-history":[{"count":0,"href":"https:\/\/www.saloanoticias.com\/v1\/wp-json\/wp\/v2\/posts\/2905\/revisions"}],"wp:attachment":[{"href":"https:\/\/www.saloanoticias.com\/v1\/wp-json\/wp\/v2\/media?parent=2905"}],"wp:term":[{"taxonomy":"category","embeddable":true,"href":"https:\/\/www.saloanoticias.com\/v1\/wp-json\/wp\/v2\/categories?post=2905"},{"taxonomy":"post_tag","embeddable":true,"href":"https:\/\/www.saloanoticias.com\/v1\/wp-json\/wp\/v2\/tags?post=2905"}],"curies":[{"name":"wp","href":"https:\/\/api.w.org\/{rel}","templated":true}]}}