{"id":29040,"date":"2025-07-19T10:11:51","date_gmt":"2025-07-19T13:11:51","guid":{"rendered":"https:\/\/www.saloanoticias.com\/v1\/?p=29040"},"modified":"2025-07-19T12:01:45","modified_gmt":"2025-07-19T15:01:45","slug":"dr-igor-ferreira-recebe-titulo-de-cidadao-saloaense-em-cerimonia-no-forum-dr-joaquim-cirilo","status":"publish","type":"post","link":"https:\/\/www.saloanoticias.com\/v1\/dr-igor-ferreira-recebe-titulo-de-cidadao-saloaense-em-cerimonia-no-forum-dr-joaquim-cirilo\/","title":{"rendered":"Dr. Igor Ferreira recebe t\u00edtulo de cidad\u00e3o saloaense em cerim\u00f4nia no F\u00f3rum Dr. Joaquim Cirilo"},"content":{"rendered":"\n<p>Na manh\u00e3 desta sexta-feira (18), o F\u00f3rum Dr. Joaquim Cirilo, localizado no centro de Salo\u00e1, foi palco de uma solenidade marcada por emo\u00e7\u00e3o, reconhecimento e despedida. O juiz Dr. Igor Ferreira dos Santos recebeu o t\u00edtulo de cidad\u00e3o saloaense, concedido pela C\u00e2mara Municipal em reconhecimento aos relevantes servi\u00e7os prestados \u00e0 Justi\u00e7a local.<\/p>\n\n\n\n<p>A cerim\u00f4nia contou com a presen\u00e7a dos nove vereadores do munic\u00edpio, al\u00e9m do secret\u00e1rio de Governo, refor\u00e7ando o simbolismo da homenagem. Magistrados das cidades vizinhas \u2014 Bom Conselho, \u00c1guas Belas, Capoeiras e Brej\u00e3o \u2014 tamb\u00e9m prestigiaram o evento, demonstrando o respeito e admira\u00e7\u00e3o que Dr. Igor conquistou ao longo de sua trajet\u00f3ria profissional na regi\u00e3o.<\/p>\n\n\n\n<p>Bastante emocionado durante sua fala, o juiz agradeceu \u00e0 C\u00e2mara Municipal pelo reconhecimento e destacou a parceria entre as institui\u00e7\u00f5es p\u00fablicas como essencial para o bom funcionamento do Judici\u00e1rio. Tamb\u00e9m fez quest\u00e3o de agradecer aos servidores do f\u00f3rum de Salo\u00e1, ressaltando o comprometimento e a dedica\u00e7\u00e3o de cada um no exerc\u00edcio di\u00e1rio da Justi\u00e7a.<\/p>\n\n\n\n<p>O t\u00edtulo, mais do que uma honraria formal, expressa a gratid\u00e3o do povo saloaense pela atua\u00e7\u00e3o \u00e9tica, comprometida e humana do juiz, que deixar\u00e1 Pernambuco para assumir novas responsabilidades na magistratura do Estado de S\u00e3o Paulo.<\/p>\n\n\n\n<p>Em clima de despedida, mas tamb\u00e9m de celebra\u00e7\u00e3o, autoridades, amigos e colegas de profiss\u00e3o destacaram o legado de Dr. Igor Ferreira e desejaram sucesso na nova etapa de sua carreira. A solenidade foi encerrada sob aplausos calorosos, simbolizando o carinho e a gratid\u00e3o da cidade de Salo\u00e1 a quem tanto contribuiu com a promo\u00e7\u00e3o da Justi\u00e7a em nosso munic\u00edpio.<\/p>\n<div style=\"margin-top: 0px; margin-bottom: 0px;\" class=\"sharethis-inline-share-buttons\" ><\/div>","protected":false},"excerpt":{"rendered":"<p>Na manh\u00e3 desta sexta-feira (18), o F\u00f3rum Dr. Joaquim Cirilo, localizado no centro de Salo\u00e1, foi palco de uma solenidade marcada por emo\u00e7\u00e3o, reconhecimento e despedida. O juiz Dr. Igor Ferreira dos Santos recebeu o t\u00edtulo de cidad\u00e3o saloaense, concedido pela C\u00e2mara Municipal em reconhecimento aos relevantes servi\u00e7os prestados \u00e0 Justi\u00e7a local. A cerim\u00f4nia contou [&hellip;]<\/p>\n","protected":false},"author":1,"featured_media":29043,"comment_status":"closed","ping_status":"closed","sticky":false,"template":"","format":"standard","meta":{"footnotes":""},"categories":[21],"tags":[22],"class_list":["post-29040","post","type-post","status-publish","format-standard","has-post-thumbnail","hentry","category-cidade","tag-destaques"],"_links":{"self":[{"href":"https:\/\/www.saloanoticias.com\/v1\/wp-json\/wp\/v2\/posts\/29040","targetHints":{"allow":["GET"]}}],"collection":[{"href":"https:\/\/www.saloanoticias.com\/v1\/wp-json\/wp\/v2\/posts"}],"about":[{"href":"https:\/\/www.saloanoticias.com\/v1\/wp-json\/wp\/v2\/types\/post"}],"author":[{"embeddable":true,"href":"https:\/\/www.saloanoticias.com\/v1\/wp-json\/wp\/v2\/users\/1"}],"replies":[{"embeddable":true,"href":"https:\/\/www.saloanoticias.com\/v1\/wp-json\/wp\/v2\/comments?post=29040"}],"version-history":[{"count":1,"href":"https:\/\/www.saloanoticias.com\/v1\/wp-json\/wp\/v2\/posts\/29040\/revisions"}],"predecessor-version":[{"id":29041,"href":"https:\/\/www.saloanoticias.com\/v1\/wp-json\/wp\/v2\/posts\/29040\/revisions\/29041"}],"wp:featuredmedia":[{"embeddable":true,"href":"https:\/\/www.saloanoticias.com\/v1\/wp-json\/wp\/v2\/media\/29043"}],"wp:attachment":[{"href":"https:\/\/www.saloanoticias.com\/v1\/wp-json\/wp\/v2\/media?parent=29040"}],"wp:term":[{"taxonomy":"category","embeddable":true,"href":"https:\/\/www.saloanoticias.com\/v1\/wp-json\/wp\/v2\/categories?post=29040"},{"taxonomy":"post_tag","embeddable":true,"href":"https:\/\/www.saloanoticias.com\/v1\/wp-json\/wp\/v2\/tags?post=29040"}],"curies":[{"name":"wp","href":"https:\/\/api.w.org\/{rel}","templated":true}]}}