{"id":2904,"date":"2016-09-24T11:00:00","date_gmt":"2016-09-24T11:00:00","guid":{"rendered":"https:\/\/saloanoticias.mrmediaweb.com\/v1\/2016\/09\/24\/assembleia-de-deus-de-saloa-realiza-congresso-de-jovens-este-final-de-semana\/"},"modified":"2016-09-24T11:00:00","modified_gmt":"2016-09-24T11:00:00","slug":"assembleia-de-deus-de-saloa-realiza-congresso-de-jovens-este-final-de-semana","status":"publish","type":"post","link":"https:\/\/www.saloanoticias.com\/v1\/assembleia-de-deus-de-saloa-realiza-congresso-de-jovens-este-final-de-semana\/","title":{"rendered":"ASSEMBLEIA DE DEUS DE SALO\u00c1\/PE REALIZA CONGRESSO DE JOVENS NESTE S\u00c1BADO (24)"},"content":{"rendered":"<p align=\"justify\"><font size=\"3\" face=\"Arial\"><a href=\"http:\/\/www.saloanoticias.com\/images\/14469441_1115868411812058_5887305282367283013_n_b88efa63c4b608cd00157960a2b1a780.jpg\"><img loading=\"lazy\" decoding=\"async\" title=\"14469441_1115868411812058_5887305282367283013_n\" style=\"border-top: 0px; border-right: 0px; background-image: none; border-bottom: 0px; float: none; padding-top: 0px; padding-left: 0px; margin: 0px auto 10px; border-left: 0px; display: block; padding-right: 0px\" border=\"0\" alt=\"14469441_1115868411812058_5887305282367283013_n\" src=\"http:\/\/www.saloanoticias.com\/v1\/wp-content\/uploads\/imagens\/14469441_1115868411812058_5887305282367283013_n_thumb_5ba6da057a910b684442b98b6f54394d.jpg\" width=\"1434\" height=\"960\"><\/a>A Igreja Evang\u00e9lica Assembleia de Deus em Salo\u00e1\/PE, neste final de semana, realizar\u00e1 o 6\u00ba Congresso de Jovens com o tema: \u201cComo Purificar\u00e1 o jovem o seu caminho ?\u201d Desta forma convida voc\u00ea e sua fam\u00edlia para participarem deste grande evento. Durante a festa estar\u00e3o presentes cantores e preletores especialmente convidados, al\u00e9m de caravanas de jovens vindas de outras cidades. A IEADPE com filial em Salo\u00e1 fica localizada na Rua Rold\u00e3o Ten\u00f3rio Cavalcante, n.\u00ba100, no centro da cidade e tem a dire\u00e7\u00e3o geral do pastor Ailton Jos\u00e9 Alves e a dire\u00e7\u00e3o local do pastor Ademir Barbosa.<\/font><\/p>\n<p align=\"justify\"><font size=\"3\" face=\"Arial\">A mocidade da Assembleia de Salo\u00e1 tem a coordena\u00e7\u00e3o dos irm\u00e3os F\u00e1bio Brito e M\u00e1rcio Ferreira. Ore, divulgue e participe, pois, Deus tem uma palavra para o seu cora\u00e7\u00e3o\u2026<\/font><\/p>\n<p align=\"center\"><font size=\"3\" face=\"Arial\"><strong>PROGRAMA\u00c7\u00c3O<\/strong><\/font><\/p>\n<p align=\"center\"><font size=\"3\" face=\"Arial\"><strong>S\u00e1bado \u00e0s 14h \u2013 Desfile pelas ruas da cidade com a banda musical da comunidade de P\u00e3o de A\u00e7\u00facar<\/strong><\/font><\/p>\n<p align=\"center\"><font size=\"3\" face=\"Arial\"><strong>S\u00e1bado \u00e0s 19h &#8211; Culto de abertura<\/strong><\/font><\/p>\n<p align=\"center\"><font size=\"3\" face=\"Arial\"><strong>Domingo \u00e0s 14h \u2013 Estudo da Palavra de Deus com um preletor especialmente convidado<\/strong><\/font><\/p>\n<p align=\"center\"><font size=\"3\" face=\"Arial\"><strong>Domingo \u00e0s 19h \u2013 Grande culto de encerramento<\/strong><\/font><\/p>\n<div style=\"margin-top: 0px; margin-bottom: 0px;\" class=\"sharethis-inline-share-buttons\" ><\/div>","protected":false},"excerpt":{"rendered":"<p>A Igreja Evang\u00e9lica Assembleia de Deus em Salo\u00e1\/PE, neste final de semana, realizar\u00e1 o 6\u00ba Congresso de Jovens com o tema: \u201cComo Purificar\u00e1 o jovem o seu caminho ?\u201d Desta forma convida voc\u00ea e sua fam\u00edlia para participarem deste grande evento. Durante a festa estar\u00e3o presentes cantores e preletores especialmente convidados, al\u00e9m de caravanas de [&hellip;]<\/p>\n","protected":false},"author":1,"featured_media":0,"comment_status":"open","ping_status":"open","sticky":false,"template":"","format":"standard","meta":{"footnotes":""},"categories":[2],"tags":[],"class_list":["post-2904","post","type-post","status-publish","format-standard","hentry","category-noticias-do-dia"],"_links":{"self":[{"href":"https:\/\/www.saloanoticias.com\/v1\/wp-json\/wp\/v2\/posts\/2904","targetHints":{"allow":["GET"]}}],"collection":[{"href":"https:\/\/www.saloanoticias.com\/v1\/wp-json\/wp\/v2\/posts"}],"about":[{"href":"https:\/\/www.saloanoticias.com\/v1\/wp-json\/wp\/v2\/types\/post"}],"author":[{"embeddable":true,"href":"https:\/\/www.saloanoticias.com\/v1\/wp-json\/wp\/v2\/users\/1"}],"replies":[{"embeddable":true,"href":"https:\/\/www.saloanoticias.com\/v1\/wp-json\/wp\/v2\/comments?post=2904"}],"version-history":[{"count":0,"href":"https:\/\/www.saloanoticias.com\/v1\/wp-json\/wp\/v2\/posts\/2904\/revisions"}],"wp:attachment":[{"href":"https:\/\/www.saloanoticias.com\/v1\/wp-json\/wp\/v2\/media?parent=2904"}],"wp:term":[{"taxonomy":"category","embeddable":true,"href":"https:\/\/www.saloanoticias.com\/v1\/wp-json\/wp\/v2\/categories?post=2904"},{"taxonomy":"post_tag","embeddable":true,"href":"https:\/\/www.saloanoticias.com\/v1\/wp-json\/wp\/v2\/tags?post=2904"}],"curies":[{"name":"wp","href":"https:\/\/api.w.org\/{rel}","templated":true}]}}