{"id":29027,"date":"2025-07-17T10:32:00","date_gmt":"2025-07-17T13:32:00","guid":{"rendered":"https:\/\/www.saloanoticias.com\/v1\/?p=29027"},"modified":"2025-07-17T10:37:26","modified_gmt":"2025-07-17T13:37:26","slug":"juiz-igor-ferreira-deixa-a-comarca-de-saloa-para-assumir-magistratura-em-sao-paulo-e-recebera-titulo-de-cidadao-saloaense","status":"publish","type":"post","link":"https:\/\/www.saloanoticias.com\/v1\/juiz-igor-ferreira-deixa-a-comarca-de-saloa-para-assumir-magistratura-em-sao-paulo-e-recebera-titulo-de-cidadao-saloaense\/","title":{"rendered":"Ju\u00edz Igor Ferreira deixa a comarca de Salo\u00e1 para assumir magistratura em S\u00e3o Paulo e receber\u00e1 t\u00edtulo de Cidad\u00e3o Saloaense"},"content":{"rendered":"\n<p>Salo\u00e1 se prepara para se despedir do juiz Igor Ferreira, que, segundo informa\u00e7\u00f5es obtidas pelo Blog Salo\u00e1 Not\u00edcias, est\u00e1 de partida para assumir um novo desafio na magistratura do Estado de S\u00e3o Paulo. O magistrado, que atuou por menos de dois anos na Comarca de Salo\u00e1, deixa a cidade para um novo ciclo profissional.<br><br>Ao longo de sua atua\u00e7\u00e3o em Salo\u00e1, o juiz Igor Ferreira foi reconhecido por sua postura, dedica\u00e7\u00e3o e celeridade nos processos, contribuindo significativamente para a justi\u00e7a na regi\u00e3o. Sua partida, embora breve, marca o fim de um per\u00edodo de trabalho intenso para a Comarca.<br><br>A boa not\u00edcia para Salo\u00e1 \u00e9 que a Comarca j\u00e1 tem uma nova titular definida: a ju\u00edza Cec\u00edlia Kelner, que atualmente atua em Bom Conselho\/PE, assumir\u00e1 a cadeira deixada por Igor Ferreira. A chegada da ju\u00edza Cec\u00edlia Kelner \u00e9 aguardada com expectativa, visando a continuidade e o fortalecimento do trabalho judici\u00e1rio na cidade.<br><br>Em reconhecimento aos relevantes servi\u00e7os prestados \u00e0 comunidade durante sua passagem, a C\u00e2mara de Vereadores de Salo\u00e1 realizar\u00e1 uma sess\u00e3o solene nesta sexta-feira, 18 de julho, para conceder o t\u00edtulo de Cidad\u00e3o Saloaense ao juiz Igor Ferreira. A homenagem \u00e9 um tributo ao impacto positivo de sua atua\u00e7\u00e3o e \u00e0 sua contribui\u00e7\u00e3o para o desenvolvimento local.<br><br>A cerim\u00f4nia deve contar com a presen\u00e7a de autoridades, colegas do judici\u00e1rio que desejam expressar sua gratid\u00e3o ao juiz. A honraria simboliza a gratid\u00e3o de Salo\u00e1 por sua atua\u00e7\u00e3o e legado.<br><br>A comunidade aguarda agora os pr\u00f3ximos passos para a transi\u00e7\u00e3o na Comarca e deseja sucesso tanto ao juiz Igor Ferreira em sua nova jornada em S\u00e3o Paulo, quanto \u00e0 ju\u00edza Cec\u00edlia Kelner em sua nova fun\u00e7\u00e3o em Salo\u00e1.<\/p>\n<div style=\"margin-top: 0px; margin-bottom: 0px;\" class=\"sharethis-inline-share-buttons\" ><\/div>","protected":false},"excerpt":{"rendered":"<p>Salo\u00e1 se prepara para se despedir do juiz Igor Ferreira, que, segundo informa\u00e7\u00f5es obtidas pelo Blog Salo\u00e1 Not\u00edcias, est\u00e1 de partida para assumir um novo desafio na magistratura do Estado de S\u00e3o Paulo. O magistrado, que atuou por menos de dois anos na Comarca de Salo\u00e1, deixa a cidade para um novo ciclo profissional. Ao [&hellip;]<\/p>\n","protected":false},"author":1,"featured_media":29029,"comment_status":"closed","ping_status":"closed","sticky":false,"template":"","format":"standard","meta":{"footnotes":""},"categories":[21],"tags":[22],"class_list":["post-29027","post","type-post","status-publish","format-standard","has-post-thumbnail","hentry","category-cidade","tag-destaques"],"_links":{"self":[{"href":"https:\/\/www.saloanoticias.com\/v1\/wp-json\/wp\/v2\/posts\/29027","targetHints":{"allow":["GET"]}}],"collection":[{"href":"https:\/\/www.saloanoticias.com\/v1\/wp-json\/wp\/v2\/posts"}],"about":[{"href":"https:\/\/www.saloanoticias.com\/v1\/wp-json\/wp\/v2\/types\/post"}],"author":[{"embeddable":true,"href":"https:\/\/www.saloanoticias.com\/v1\/wp-json\/wp\/v2\/users\/1"}],"replies":[{"embeddable":true,"href":"https:\/\/www.saloanoticias.com\/v1\/wp-json\/wp\/v2\/comments?post=29027"}],"version-history":[{"count":3,"href":"https:\/\/www.saloanoticias.com\/v1\/wp-json\/wp\/v2\/posts\/29027\/revisions"}],"predecessor-version":[{"id":29032,"href":"https:\/\/www.saloanoticias.com\/v1\/wp-json\/wp\/v2\/posts\/29027\/revisions\/29032"}],"wp:featuredmedia":[{"embeddable":true,"href":"https:\/\/www.saloanoticias.com\/v1\/wp-json\/wp\/v2\/media\/29029"}],"wp:attachment":[{"href":"https:\/\/www.saloanoticias.com\/v1\/wp-json\/wp\/v2\/media?parent=29027"}],"wp:term":[{"taxonomy":"category","embeddable":true,"href":"https:\/\/www.saloanoticias.com\/v1\/wp-json\/wp\/v2\/categories?post=29027"},{"taxonomy":"post_tag","embeddable":true,"href":"https:\/\/www.saloanoticias.com\/v1\/wp-json\/wp\/v2\/tags?post=29027"}],"curies":[{"name":"wp","href":"https:\/\/api.w.org\/{rel}","templated":true}]}}