{"id":29023,"date":"2025-07-16T11:42:55","date_gmt":"2025-07-16T14:42:55","guid":{"rendered":"https:\/\/www.saloanoticias.com\/v1\/?p=29023"},"modified":"2025-07-16T11:46:24","modified_gmt":"2025-07-16T14:46:24","slug":"secretaria-de-agricultura-e-ipa-promovem-tarde-de-atendimento-na-comunidade-serrinha-da-prata","status":"publish","type":"post","link":"https:\/\/www.saloanoticias.com\/v1\/secretaria-de-agricultura-e-ipa-promovem-tarde-de-atendimento-na-comunidade-serrinha-da-prata\/","title":{"rendered":"Secretaria de Agricultura e IPA promovem tarde de atendimento na comunidade Serrinha da Prata"},"content":{"rendered":"\n<p>Com o compromisso de fortalecer o v\u00ednculo entre o poder p\u00fablico e o homem do campo, a Secretaria Municipal de Agricultura, em parceria com o Instituto Agron\u00f4mico de Pernambuco (IPA), realizou uma tarde de atendimento na comunidade Serrinha da Prata. A a\u00e7\u00e3o teve como principal objetivo aproximar os servi\u00e7os p\u00fablicos das fam\u00edlias rurais e promover um di\u00e1logo direto com os agricultores da regi\u00e3o.<\/p>\n\n\n\n<p>Durante a atividade, foram oferecidos diversos atendimentos voltados \u00e0 agricultura familiar, incluindo orienta\u00e7\u00f5es t\u00e9cnicas, esclarecimentos sobre programas e pol\u00edticas p\u00fablicas voltadas para o campo, al\u00e9m de escuta ativa das demandas da comunidade. T\u00e9cnicos do IPA estiveram presentes prestando suporte e orienta\u00e7\u00f5es para melhorar a produtividade e as pr\u00e1ticas agr\u00edcolas locais.<\/p>\n\n\n\n<p>A presen\u00e7a da Secretaria de Agricultura na comunidade refor\u00e7a o compromisso da gest\u00e3o municipal com o desenvolvimento rural sustent\u00e1vel e com a valoriza\u00e7\u00e3o daqueles que vivem e produzem no campo. A iniciativa tamb\u00e9m fortalece a confian\u00e7a da popula\u00e7\u00e3o nos servi\u00e7os p\u00fablicos e abre espa\u00e7o para novas a\u00e7\u00f5es futuras em outras localidades da zona rural.<\/p>\n\n\n\n<p>A comunidade Serrinha da Prata recebeu a equipe com grande receptividade, evidenciando a import\u00e2ncia de iniciativas que levem atendimento e informa\u00e7\u00e3o de forma acess\u00edvel at\u00e9 onde o povo est\u00e1. A Prefeitura segue empenhada em construir uma agricultura mais forte, justa e participativa para todos.<\/p>\n<div style=\"margin-top: 0px; margin-bottom: 0px;\" class=\"sharethis-inline-share-buttons\" ><\/div>","protected":false},"excerpt":{"rendered":"<p>Com o compromisso de fortalecer o v\u00ednculo entre o poder p\u00fablico e o homem do campo, a Secretaria Municipal de Agricultura, em parceria com o Instituto Agron\u00f4mico de Pernambuco (IPA), realizou uma tarde de atendimento na comunidade Serrinha da Prata. A a\u00e7\u00e3o teve como principal objetivo aproximar os servi\u00e7os p\u00fablicos das fam\u00edlias rurais e promover [&hellip;]<\/p>\n","protected":false},"author":1,"featured_media":29026,"comment_status":"closed","ping_status":"closed","sticky":false,"template":"","format":"standard","meta":{"footnotes":""},"categories":[21],"tags":[22],"class_list":["post-29023","post","type-post","status-publish","format-standard","has-post-thumbnail","hentry","category-cidade","tag-destaques"],"_links":{"self":[{"href":"https:\/\/www.saloanoticias.com\/v1\/wp-json\/wp\/v2\/posts\/29023","targetHints":{"allow":["GET"]}}],"collection":[{"href":"https:\/\/www.saloanoticias.com\/v1\/wp-json\/wp\/v2\/posts"}],"about":[{"href":"https:\/\/www.saloanoticias.com\/v1\/wp-json\/wp\/v2\/types\/post"}],"author":[{"embeddable":true,"href":"https:\/\/www.saloanoticias.com\/v1\/wp-json\/wp\/v2\/users\/1"}],"replies":[{"embeddable":true,"href":"https:\/\/www.saloanoticias.com\/v1\/wp-json\/wp\/v2\/comments?post=29023"}],"version-history":[{"count":1,"href":"https:\/\/www.saloanoticias.com\/v1\/wp-json\/wp\/v2\/posts\/29023\/revisions"}],"predecessor-version":[{"id":29025,"href":"https:\/\/www.saloanoticias.com\/v1\/wp-json\/wp\/v2\/posts\/29023\/revisions\/29025"}],"wp:featuredmedia":[{"embeddable":true,"href":"https:\/\/www.saloanoticias.com\/v1\/wp-json\/wp\/v2\/media\/29026"}],"wp:attachment":[{"href":"https:\/\/www.saloanoticias.com\/v1\/wp-json\/wp\/v2\/media?parent=29023"}],"wp:term":[{"taxonomy":"category","embeddable":true,"href":"https:\/\/www.saloanoticias.com\/v1\/wp-json\/wp\/v2\/categories?post=29023"},{"taxonomy":"post_tag","embeddable":true,"href":"https:\/\/www.saloanoticias.com\/v1\/wp-json\/wp\/v2\/tags?post=29023"}],"curies":[{"name":"wp","href":"https:\/\/api.w.org\/{rel}","templated":true}]}}