{"id":2902,"date":"2016-09-22T11:00:00","date_gmt":"2016-09-22T11:00:00","guid":{"rendered":"https:\/\/saloanoticias.mrmediaweb.com\/v1\/2016\/09\/22\/padre-jorge-sofre-baixa-em-iati\/"},"modified":"2016-09-22T11:00:00","modified_gmt":"2016-09-22T11:00:00","slug":"padre-jorge-sofre-baixa-em-iati","status":"publish","type":"post","link":"https:\/\/www.saloanoticias.com\/v1\/padre-jorge-sofre-baixa-em-iati\/","title":{"rendered":"PADRE JORGE SOFRE GRAVE BAIXA EM IAT\u00cd"},"content":{"rendered":"<p align=\"justify\"><font size=\"3\" face=\"Arial\"><a href=\"http:\/\/www.saloanoticias.com\/images\/13433198_10201629930106752_3205501769822418203_o_5aa8f8585a1420acaf8da80cb3ef5674.jpg\"><img loading=\"lazy\" decoding=\"async\" title=\"13433198_10201629930106752_3205501769822418203_o\" style=\"border-top: 0px; border-right: 0px; background-image: none; border-bottom: 0px; float: left; padding-top: 0px; padding-left: 0px; margin: 5px 5px 0px 0px; border-left: 0px; display: inline; padding-right: 0px\" border=\"0\" alt=\"13433198_10201629930106752_3205501769822418203_o\" src=\"http:\/\/www.saloanoticias.com\/v1\/wp-content\/uploads\/imagens\/13433198_10201629930106752_3205501769822418203_o_thumb_d3e87dedaa4d84bed2a6c9cd7c58a13b.jpg\" width=\"265\" align=\"left\" height=\"240\"><\/a>Faltando 14 dias para as elei\u00e7\u00f5es, o Prefeito e candidato a reelei\u00e7\u00e3o em Iati, Padre Jorge (PTB), teve o seu companheiro de chapa, o vereador Francisco Almeida, o K\u00eak\u00eata, cooptado pelo grupo do seu atual Vice-prefeito e candidato a Prefeito, Tonho de Lula (PSB). Al\u00e9m de K\u00eak\u00eata o grupo do Padre\/Prefeito tamb\u00e9m perdeu diversos candidatos a Vereador da Coliga\u00e7\u00e3o Iati em m\u00e3os Limpas. Segundo informa\u00e7\u00f5es de um partid\u00e1rio do PTB, no \u00faltimo domingo, dia 18, depois de uma acalorada reuni\u00e3o, o candidato a Vice-prefeito K\u00eak\u00eata e alguns candidatos a Vereador, resolveram romper com o Padre Jorge e aderir \u00e0 campanha de Tonho de Lula. Tanto K\u00eak\u00eata, quando os postulantes a cadeiras na C\u00e2mara Municipal, participaram de um evento do socialista ainda na mesma noite do rompimento.<\/font><\/p>\n<p align=\"justify\"><font size=\"3\" face=\"Arial\">Os motivos do afastamento pol\u00edtico n\u00e3o foram divulgados de forma oficial e diversas vers\u00f5es est\u00e3o sendo relacionadas ao fato. <\/font><font size=\"3\" face=\"Arial\">O Blog do Carlos Eug\u00eanio tentou manter contato com o Padre Jorge e com k\u00eak\u00eata para que comentassem o rompimento, mas n\u00e3o obteve sucesso. A expectativa na Cidade \u00e9 que K\u00eak\u00eata oficialize a sua ren\u00fancia junto a Justi\u00e7a Eleitoral. Numa consulta antes da publica\u00e7\u00e3o dessa reportagem, o site do Tribunal Regional Eleitoral de Pernambuco trazia a informa\u00e7\u00e3o de que K\u00eak\u00eata segue como vice na chapa do Padre Jorge, inclusive com a candidatura deferida.<\/font><\/p>\n<p><font size=\"3\" face=\"Arial\">De acordo com o calend\u00e1rio eleitoral, o prazo para o pedido de registro de candidatura \u00e0s elei\u00e7\u00f5es majorit\u00e1rias na hip\u00f3tese de substitui\u00e7\u00e3o, exceto em caso de falecimento de candidato, se expirou no \u00faltimo dia 12 de setembro. De acordo com um Advogado, ouvido em reserva pelo Blog do Carlos Eug\u00eanio, o Padre Jorge poder\u00e1 seguir sua campanha normalmente, mesmo sem a presen\u00e7a f\u00edsica do candidato a Vice. Em caso de vit\u00f3ria, K\u00eak\u00eata, mesmo rompido politicamente, ser\u00e1 empossado no cargo.<strong><font size=\"2\"> Fonte: Blog do Carlos Eug\u00eanio<\/font><\/strong><\/font><\/p>\n<div style=\"margin-top: 0px; margin-bottom: 0px;\" class=\"sharethis-inline-share-buttons\" ><\/div>","protected":false},"excerpt":{"rendered":"<p>Faltando 14 dias para as elei\u00e7\u00f5es, o Prefeito e candidato a reelei\u00e7\u00e3o em Iati, Padre Jorge (PTB), teve o seu companheiro de chapa, o vereador Francisco Almeida, o K\u00eak\u00eata, cooptado pelo grupo do seu atual Vice-prefeito e candidato a Prefeito, Tonho de Lula (PSB). Al\u00e9m de K\u00eak\u00eata o grupo do Padre\/Prefeito tamb\u00e9m perdeu diversos candidatos [&hellip;]<\/p>\n","protected":false},"author":1,"featured_media":0,"comment_status":"open","ping_status":"open","sticky":false,"template":"","format":"standard","meta":{"footnotes":""},"categories":[2],"tags":[],"class_list":["post-2902","post","type-post","status-publish","format-standard","hentry","category-noticias-do-dia"],"_links":{"self":[{"href":"https:\/\/www.saloanoticias.com\/v1\/wp-json\/wp\/v2\/posts\/2902","targetHints":{"allow":["GET"]}}],"collection":[{"href":"https:\/\/www.saloanoticias.com\/v1\/wp-json\/wp\/v2\/posts"}],"about":[{"href":"https:\/\/www.saloanoticias.com\/v1\/wp-json\/wp\/v2\/types\/post"}],"author":[{"embeddable":true,"href":"https:\/\/www.saloanoticias.com\/v1\/wp-json\/wp\/v2\/users\/1"}],"replies":[{"embeddable":true,"href":"https:\/\/www.saloanoticias.com\/v1\/wp-json\/wp\/v2\/comments?post=2902"}],"version-history":[{"count":0,"href":"https:\/\/www.saloanoticias.com\/v1\/wp-json\/wp\/v2\/posts\/2902\/revisions"}],"wp:attachment":[{"href":"https:\/\/www.saloanoticias.com\/v1\/wp-json\/wp\/v2\/media?parent=2902"}],"wp:term":[{"taxonomy":"category","embeddable":true,"href":"https:\/\/www.saloanoticias.com\/v1\/wp-json\/wp\/v2\/categories?post=2902"},{"taxonomy":"post_tag","embeddable":true,"href":"https:\/\/www.saloanoticias.com\/v1\/wp-json\/wp\/v2\/tags?post=2902"}],"curies":[{"name":"wp","href":"https:\/\/api.w.org\/{rel}","templated":true}]}}