{"id":2901,"date":"2016-09-22T00:00:00","date_gmt":"2016-09-22T00:00:00","guid":{"rendered":"https:\/\/saloanoticias.mrmediaweb.com\/v1\/2016\/09\/22\/nota-de-falecimento-joao-araujo-da-rocha-joao-de-joca\/"},"modified":"2016-09-22T00:00:00","modified_gmt":"2016-09-22T00:00:00","slug":"nota-de-falecimento-joao-araujo-da-rocha-joao-de-joca","status":"publish","type":"post","link":"https:\/\/www.saloanoticias.com\/v1\/nota-de-falecimento-joao-araujo-da-rocha-joao-de-joca\/","title":{"rendered":"\u201cNOTA DE FALECIMENTO\u201d: JO\u00c3O ARA\u00daJO DA ROCHA (JO\u00c3O DE JOCA)"},"content":{"rendered":"<p align=\"justify\"><font size=\"3\" face=\"Arial\"><a href=\"http:\/\/www.saloanoticias.com\/images\/nota-de-falecimento_a8fb96ad4a585a04062ae6c3e17ade9e.png\"><img loading=\"lazy\" decoding=\"async\" title=\"Nota de Falecimento\" style=\"border-top: 0px; border-right: 0px; background-image: none; border-bottom: 0px; float: left; padding-top: 0px; padding-left: 0px; margin: 5px 5px 0px 0px; border-left: 0px; display: inline; padding-right: 0px\" border=\"0\" alt=\"Nota de Falecimento\" src=\"http:\/\/www.saloanoticias.com\/v1\/wp-content\/uploads\/imagens\/nota-de-falecimento_thumb_c05a95872afa3ea958b439be5e6c56ca.png\" width=\"289\" align=\"left\" height=\"181\"><\/a>Faleceu \u00e0s 12h desta quarta-feira, dia 21 de setembro de 2016, o Sr. Jo\u00e3o Ara\u00fajo da Rocha, o popular Jo\u00e3o de Joca, de 61 anos. Segundo as informa\u00e7\u00f5es que chegou a reda\u00e7\u00e3o deste blog, ele vinha sofrendo graves problemas de sa\u00fade e veio a \u00f3bito hoje. <\/font><font size=\"3\" face=\"Arial\">O corpo ser\u00e1 velado na resid\u00eancia da fam\u00edlia na Rua Jos\u00e9 Maria Jardim, n.\u00ba 104, antiga Rua 8 na Cohab II em Garanhuns de onde sair\u00e1 para ser sepultado no cemit\u00e9rio Parque das Rosas na Cohab I. A fam\u00edlia nos informou que o sepultamento ser\u00e1 realizado \u00e0s 15h desta quinta (22).<\/font><\/p>\n<div style=\"margin-top: 0px; margin-bottom: 0px;\" class=\"sharethis-inline-share-buttons\" ><\/div>","protected":false},"excerpt":{"rendered":"<p>Faleceu \u00e0s 12h desta quarta-feira, dia 21 de setembro de 2016, o Sr. Jo\u00e3o Ara\u00fajo da Rocha, o popular Jo\u00e3o de Joca, de 61 anos. Segundo as informa\u00e7\u00f5es que chegou a reda\u00e7\u00e3o deste blog, ele vinha sofrendo graves problemas de sa\u00fade e veio a \u00f3bito hoje. O corpo ser\u00e1 velado na resid\u00eancia da fam\u00edlia na [&hellip;]<\/p>\n","protected":false},"author":1,"featured_media":0,"comment_status":"open","ping_status":"open","sticky":false,"template":"","format":"standard","meta":{"footnotes":""},"categories":[2],"tags":[],"class_list":["post-2901","post","type-post","status-publish","format-standard","hentry","category-noticias-do-dia"],"_links":{"self":[{"href":"https:\/\/www.saloanoticias.com\/v1\/wp-json\/wp\/v2\/posts\/2901","targetHints":{"allow":["GET"]}}],"collection":[{"href":"https:\/\/www.saloanoticias.com\/v1\/wp-json\/wp\/v2\/posts"}],"about":[{"href":"https:\/\/www.saloanoticias.com\/v1\/wp-json\/wp\/v2\/types\/post"}],"author":[{"embeddable":true,"href":"https:\/\/www.saloanoticias.com\/v1\/wp-json\/wp\/v2\/users\/1"}],"replies":[{"embeddable":true,"href":"https:\/\/www.saloanoticias.com\/v1\/wp-json\/wp\/v2\/comments?post=2901"}],"version-history":[{"count":0,"href":"https:\/\/www.saloanoticias.com\/v1\/wp-json\/wp\/v2\/posts\/2901\/revisions"}],"wp:attachment":[{"href":"https:\/\/www.saloanoticias.com\/v1\/wp-json\/wp\/v2\/media?parent=2901"}],"wp:term":[{"taxonomy":"category","embeddable":true,"href":"https:\/\/www.saloanoticias.com\/v1\/wp-json\/wp\/v2\/categories?post=2901"},{"taxonomy":"post_tag","embeddable":true,"href":"https:\/\/www.saloanoticias.com\/v1\/wp-json\/wp\/v2\/tags?post=2901"}],"curies":[{"name":"wp","href":"https:\/\/api.w.org\/{rel}","templated":true}]}}