{"id":29003,"date":"2025-07-13T11:25:46","date_gmt":"2025-07-13T14:25:46","guid":{"rendered":"https:\/\/www.saloanoticias.com\/v1\/?p=29003"},"modified":"2025-07-13T11:41:12","modified_gmt":"2025-07-13T14:41:12","slug":"saloa-celebra-5-anos-de-pastorado-do-reverendo-mozeis-lima-na-ieadpe-com-emocao-e-gratidao-a-deus","status":"publish","type":"post","link":"https:\/\/www.saloanoticias.com\/v1\/saloa-celebra-5-anos-de-pastorado-do-reverendo-mozeis-lima-na-ieadpe-com-emocao-e-gratidao-a-deus\/","title":{"rendered":"Salo\u00e1 celebra 5 anos de pastorado do Reverendo Mozeis Lima na IEADPE com emo\u00e7\u00e3o e gratid\u00e3o a Deus"},"content":{"rendered":"\n<p>Um momento de profunda gratid\u00e3o e emo\u00e7\u00e3o marcou a Igreja Evang\u00e9lica Assembleia de Deus em Pernambuco (IEADPE) em Salo\u00e1 na noite deste s\u00e1bado (12), que celebrou os cinco anos de pastorado do Reverendo Mozeis Lima \u00e0 frente da congrega\u00e7\u00e3o.<\/p>\n\n\n\n<p>As homenagens aconteceram ap\u00f3s o tradicional culto de Santa Ceia, reunindo a membresia e a fam\u00edlia pastoral em um clima de reconhecimento e louvor. A celebra\u00e7\u00e3o foi um testemunho do impacto positivo do Reverendo Mozeis Lima na vida da comunidade.<\/p>\n\n\n\n<p>Durante as homenagens, diversos membros da igreja e l\u00edderes destacaram as qualidades do pastor e de sua fam\u00edlia, ressaltando sua forma amorosa e simples de conduzir o rebanho. A paix\u00e3o e o amor pela obra de Deus empregados pelo l\u00edder foram unanimemente mencionados, evidenciando seu comprometimento com o crescimento espiritual e o bem-estar dos fi\u00e9is.<\/p>\n\n\n\n<p>Depoimentos emocionados relembravam momentos de apoio, ensinamentos e a dedica\u00e7\u00e3o do Reverendo Mozeis Lima em cada aspecto da vida eclesi\u00e1stica. A presen\u00e7a de sua fam\u00edlia ao seu lado durante as homenagens tamb\u00e9m foi um ponto alto, simbolizando a uni\u00e3o e o suporte m\u00fatuo que fortalecem o minist\u00e9rio.<\/p>\n\n\n\n<p>Um destaque especial foi dado \u00e0 participa\u00e7\u00e3o fundamental da irm\u00e3 Alzeneide Lima, esposa do pastor, e de suas duas filhas, Aino\u00e3 e Magdala, que compartilham ativamente do minist\u00e9rio, sendo um pilar de apoio e dedica\u00e7\u00e3o ao lado do sacerdote.<\/p>\n\n\n\n<p>A presen\u00e7a e o envolvimento da fam\u00edlia foram celebrados como parte integrante do sucesso pastoral. Foi um momento emocionante na presen\u00e7a do Senhor, onde a f\u00e9 e a gratid\u00e3o transbordaram. A celebra\u00e7\u00e3o dos cinco anos de pastorado do Reverendo Mozeis Lima em Salo\u00e1 reafirma o carinho da comunidade pela sua lideran\u00e7a e o reconhecimento de um trabalho que tem deixado marcas profundas de f\u00e9 e amor.<\/p>\n<div style=\"margin-top: 0px; margin-bottom: 0px;\" class=\"sharethis-inline-share-buttons\" ><\/div>","protected":false},"excerpt":{"rendered":"<p>Um momento de profunda gratid\u00e3o e emo\u00e7\u00e3o marcou a Igreja Evang\u00e9lica Assembleia de Deus em Pernambuco (IEADPE) em Salo\u00e1 na noite deste s\u00e1bado (12), que celebrou os cinco anos de pastorado do Reverendo Mozeis Lima \u00e0 frente da congrega\u00e7\u00e3o. As homenagens aconteceram ap\u00f3s o tradicional culto de Santa Ceia, reunindo a membresia e a fam\u00edlia [&hellip;]<\/p>\n","protected":false},"author":1,"featured_media":29006,"comment_status":"closed","ping_status":"closed","sticky":false,"template":"","format":"standard","meta":{"footnotes":""},"categories":[16],"tags":[22],"class_list":["post-29003","post","type-post","status-publish","format-standard","has-post-thumbnail","hentry","category-religiao","tag-destaques"],"_links":{"self":[{"href":"https:\/\/www.saloanoticias.com\/v1\/wp-json\/wp\/v2\/posts\/29003","targetHints":{"allow":["GET"]}}],"collection":[{"href":"https:\/\/www.saloanoticias.com\/v1\/wp-json\/wp\/v2\/posts"}],"about":[{"href":"https:\/\/www.saloanoticias.com\/v1\/wp-json\/wp\/v2\/types\/post"}],"author":[{"embeddable":true,"href":"https:\/\/www.saloanoticias.com\/v1\/wp-json\/wp\/v2\/users\/1"}],"replies":[{"embeddable":true,"href":"https:\/\/www.saloanoticias.com\/v1\/wp-json\/wp\/v2\/comments?post=29003"}],"version-history":[{"count":4,"href":"https:\/\/www.saloanoticias.com\/v1\/wp-json\/wp\/v2\/posts\/29003\/revisions"}],"predecessor-version":[{"id":29011,"href":"https:\/\/www.saloanoticias.com\/v1\/wp-json\/wp\/v2\/posts\/29003\/revisions\/29011"}],"wp:featuredmedia":[{"embeddable":true,"href":"https:\/\/www.saloanoticias.com\/v1\/wp-json\/wp\/v2\/media\/29006"}],"wp:attachment":[{"href":"https:\/\/www.saloanoticias.com\/v1\/wp-json\/wp\/v2\/media?parent=29003"}],"wp:term":[{"taxonomy":"category","embeddable":true,"href":"https:\/\/www.saloanoticias.com\/v1\/wp-json\/wp\/v2\/categories?post=29003"},{"taxonomy":"post_tag","embeddable":true,"href":"https:\/\/www.saloanoticias.com\/v1\/wp-json\/wp\/v2\/tags?post=29003"}],"curies":[{"name":"wp","href":"https:\/\/api.w.org\/{rel}","templated":true}]}}