{"id":2900,"date":"2016-09-21T11:00:00","date_gmt":"2016-09-21T11:00:00","guid":{"rendered":"https:\/\/saloanoticias.mrmediaweb.com\/v1\/2016\/09\/21\/nasf-de-saloa-realizara-acao-na-academia-da-saude\/"},"modified":"2016-09-21T11:00:00","modified_gmt":"2016-09-21T11:00:00","slug":"nasf-de-saloa-realizara-acao-na-academia-da-saude","status":"publish","type":"post","link":"https:\/\/www.saloanoticias.com\/v1\/nasf-de-saloa-realizara-acao-na-academia-da-saude\/","title":{"rendered":"\u201cNASF DE SALO\u00c1\/PE\u201d REALIZAR\u00c1 UMA A\u00c7\u00c3O NA ACADEMIA DA SA\u00daDE"},"content":{"rendered":"<p align=\"justify\"><font size=\"3\" face=\"Arial\"><a href=\"http:\/\/www.saloanoticias.com\/images\/14352598_1729045107346208_987870228422784239_o_60c269ebbab95db5ea74ecd356f16b18.jpg\"><img loading=\"lazy\" decoding=\"async\" title=\"14352598_1729045107346208_987870228422784239_o\" style=\"border-top: 0px; border-right: 0px; background-image: none; border-bottom: 0px; float: left; padding-top: 0px; padding-left: 0px; margin: 5px 5px 0px 0px; border-left: 0px; display: inline; padding-right: 0px\" border=\"0\" alt=\"14352598_1729045107346208_987870228422784239_o\" src=\"http:\/\/www.saloanoticias.com\/v1\/wp-content\/uploads\/imagens\/14352598_1729045107346208_987870228422784239_o_thumb_3e770cebbb5f1fb46f408a551fee75d4.jpg\" width=\"271\" align=\"left\" height=\"174\"><\/a>Em nome da Secretaria Municipal de Sa\u00fade, o Nasf e Caps Salo\u00e1, informam para todos que nessa quinta feira, dia 22\/09, \u00e0s 09:00 horas, estaremos realizando uma a\u00e7\u00e3o na Academia da Sa\u00fade com foco na preven\u00e7\u00e3o ao suic\u00eddio, comemorando o Setembro Amarelo. Sendo assim, convidamos a popula\u00e7\u00e3o para participarem conosco desse dia. A academia da sa\u00fade de Salo\u00e1 fica localizada na Rua Senador Paulo Guerra, na frente do antigo matadouro p\u00fablico.<\/font><\/p>\n<div style=\"margin-top: 0px; margin-bottom: 0px;\" class=\"sharethis-inline-share-buttons\" ><\/div>","protected":false},"excerpt":{"rendered":"<p>Em nome da Secretaria Municipal de Sa\u00fade, o Nasf e Caps Salo\u00e1, informam para todos que nessa quinta feira, dia 22\/09, \u00e0s 09:00 horas, estaremos realizando uma a\u00e7\u00e3o na Academia da Sa\u00fade com foco na preven\u00e7\u00e3o ao suic\u00eddio, comemorando o Setembro Amarelo. Sendo assim, convidamos a popula\u00e7\u00e3o para participarem conosco desse dia. A academia da [&hellip;]<\/p>\n","protected":false},"author":1,"featured_media":0,"comment_status":"open","ping_status":"open","sticky":false,"template":"","format":"standard","meta":{"footnotes":""},"categories":[2],"tags":[],"class_list":["post-2900","post","type-post","status-publish","format-standard","hentry","category-noticias-do-dia"],"_links":{"self":[{"href":"https:\/\/www.saloanoticias.com\/v1\/wp-json\/wp\/v2\/posts\/2900","targetHints":{"allow":["GET"]}}],"collection":[{"href":"https:\/\/www.saloanoticias.com\/v1\/wp-json\/wp\/v2\/posts"}],"about":[{"href":"https:\/\/www.saloanoticias.com\/v1\/wp-json\/wp\/v2\/types\/post"}],"author":[{"embeddable":true,"href":"https:\/\/www.saloanoticias.com\/v1\/wp-json\/wp\/v2\/users\/1"}],"replies":[{"embeddable":true,"href":"https:\/\/www.saloanoticias.com\/v1\/wp-json\/wp\/v2\/comments?post=2900"}],"version-history":[{"count":0,"href":"https:\/\/www.saloanoticias.com\/v1\/wp-json\/wp\/v2\/posts\/2900\/revisions"}],"wp:attachment":[{"href":"https:\/\/www.saloanoticias.com\/v1\/wp-json\/wp\/v2\/media?parent=2900"}],"wp:term":[{"taxonomy":"category","embeddable":true,"href":"https:\/\/www.saloanoticias.com\/v1\/wp-json\/wp\/v2\/categories?post=2900"},{"taxonomy":"post_tag","embeddable":true,"href":"https:\/\/www.saloanoticias.com\/v1\/wp-json\/wp\/v2\/tags?post=2900"}],"curies":[{"name":"wp","href":"https:\/\/api.w.org\/{rel}","templated":true}]}}