{"id":28993,"date":"2025-07-12T09:59:20","date_gmt":"2025-07-12T12:59:20","guid":{"rendered":"https:\/\/www.saloanoticias.com\/v1\/?p=28993"},"modified":"2025-07-12T10:10:58","modified_gmt":"2025-07-12T13:10:58","slug":"bora-empreender-mulher-chega-em-saloa","status":"publish","type":"post","link":"https:\/\/www.saloanoticias.com\/v1\/bora-empreender-mulher-chega-em-saloa\/","title":{"rendered":"Salo\u00e1 recebe o Programa &#8220;Empreender Mulher&#8221; do Governo de Pernambuco"},"content":{"rendered":"\n<p>O munic\u00edpio de Salo\u00e1 ser\u00e1 palco de uma importante iniciativa de fomento ao empreendedorismo feminino. O programa <strong>&#8220;Empreender Mulher&#8221;<\/strong>, do Governo do Estado de Pernambuco, chegar\u00e1 \u00e0 cidade no pr\u00f3ximo dia <strong>16 de julho de 2025<\/strong>, com um evento na C\u00e2mara de Vereadores.<\/p>\n\n\n\n<p>A a\u00e7\u00e3o visa capacitar e incentivar mulheres a desenvolverem seus pr\u00f3prios neg\u00f3cios, oferecendo ferramentas, conhecimento e suporte para que possam alcan\u00e7ar sua independ\u00eancia financeira e contribuir para o desenvolvimento econ\u00f4mico local.<\/p>\n\n\n\n<p>O &#8220;Empreender Mulher&#8221; \u00e9 uma pol\u00edtica p\u00fablica que reconhece o potencial feminino na gera\u00e7\u00e3o de renda e na inova\u00e7\u00e3o, buscando reduzir desigualdades e fortalecer o papel da mulher na sociedade. O evento na C\u00e2mara de Vereadores de Salo\u00e1 ser\u00e1 uma oportunidade para que as mulheres do munic\u00edpio conhe\u00e7am de perto os detalhes do programa, os cursos oferecidos, as linhas de cr\u00e9dito dispon\u00edveis e as metodologias de apoio para a cria\u00e7\u00e3o ou expans\u00e3o de seus empreendimentos.<\/p>\n\n\n\n<p>A iniciativa \u00e9 fundamental para Salo\u00e1, que busca diversificar sua economia e gerar novas oportunidades de trabalho e renda para a popula\u00e7\u00e3o. Representantes do Governo do Estado e de \u00f3rg\u00e3os de fomento estar\u00e3o presentes para apresentar o programa e interagir com as participantes.<\/p>\n\n\n\n<p>A expectativa \u00e9 que o &#8220;Empreender Mulher&#8221; em Salo\u00e1 inspire e capacite muitas mulheres a transformarem seus sonhos em realidade, impulsionando o empreendedorismo e a autonomia feminina no munic\u00edpio.<\/p>\n\n\n\n<p>A chegada do programa refor\u00e7a o compromisso das esferas governamentais em promover o desenvolvimento social e econ\u00f4mico de Salo\u00e1, colocando as mulheres como protagonistas desse processo.<\/p>\n\n\n<div class=\"wp-block-image\">\n<figure class=\"aligncenter size-full\"><img loading=\"lazy\" decoding=\"async\" width=\"768\" height=\"1024\" src=\"https:\/\/www.saloanoticias.com\/v1\/wp-content\/uploads\/2025\/07\/OlgaLucena_RaqueLyra.jpeg\" alt=\"\" class=\"wp-image-28998\" srcset=\"https:\/\/www.saloanoticias.com\/v1\/wp-content\/uploads\/2025\/07\/OlgaLucena_RaqueLyra.jpeg 768w, https:\/\/www.saloanoticias.com\/v1\/wp-content\/uploads\/2025\/07\/OlgaLucena_RaqueLyra-225x300.jpeg 225w\" sizes=\"auto, (max-width: 768px) 100vw, 768px\" \/><\/figure>\n<\/div><div style=\"margin-top: 0px; margin-bottom: 0px;\" class=\"sharethis-inline-share-buttons\" ><\/div>","protected":false},"excerpt":{"rendered":"<p>O munic\u00edpio de Salo\u00e1 ser\u00e1 palco de uma importante iniciativa de fomento ao empreendedorismo feminino. O programa &#8220;Empreender Mulher&#8221;, do Governo do Estado de Pernambuco, chegar\u00e1 \u00e0 cidade no pr\u00f3ximo dia 16 de julho de 2025, com um evento na C\u00e2mara de Vereadores. A a\u00e7\u00e3o visa capacitar e incentivar mulheres a desenvolverem seus pr\u00f3prios neg\u00f3cios, [&hellip;]<\/p>\n","protected":false},"author":1,"featured_media":28997,"comment_status":"closed","ping_status":"closed","sticky":false,"template":"","format":"standard","meta":{"footnotes":""},"categories":[21],"tags":[22],"class_list":["post-28993","post","type-post","status-publish","format-standard","has-post-thumbnail","hentry","category-cidade","tag-destaques"],"_links":{"self":[{"href":"https:\/\/www.saloanoticias.com\/v1\/wp-json\/wp\/v2\/posts\/28993","targetHints":{"allow":["GET"]}}],"collection":[{"href":"https:\/\/www.saloanoticias.com\/v1\/wp-json\/wp\/v2\/posts"}],"about":[{"href":"https:\/\/www.saloanoticias.com\/v1\/wp-json\/wp\/v2\/types\/post"}],"author":[{"embeddable":true,"href":"https:\/\/www.saloanoticias.com\/v1\/wp-json\/wp\/v2\/users\/1"}],"replies":[{"embeddable":true,"href":"https:\/\/www.saloanoticias.com\/v1\/wp-json\/wp\/v2\/comments?post=28993"}],"version-history":[{"count":4,"href":"https:\/\/www.saloanoticias.com\/v1\/wp-json\/wp\/v2\/posts\/28993\/revisions"}],"predecessor-version":[{"id":29000,"href":"https:\/\/www.saloanoticias.com\/v1\/wp-json\/wp\/v2\/posts\/28993\/revisions\/29000"}],"wp:featuredmedia":[{"embeddable":true,"href":"https:\/\/www.saloanoticias.com\/v1\/wp-json\/wp\/v2\/media\/28997"}],"wp:attachment":[{"href":"https:\/\/www.saloanoticias.com\/v1\/wp-json\/wp\/v2\/media?parent=28993"}],"wp:term":[{"taxonomy":"category","embeddable":true,"href":"https:\/\/www.saloanoticias.com\/v1\/wp-json\/wp\/v2\/categories?post=28993"},{"taxonomy":"post_tag","embeddable":true,"href":"https:\/\/www.saloanoticias.com\/v1\/wp-json\/wp\/v2\/tags?post=28993"}],"curies":[{"name":"wp","href":"https:\/\/api.w.org\/{rel}","templated":true}]}}