{"id":2899,"date":"2016-09-20T12:00:00","date_gmt":"2016-09-20T12:00:00","guid":{"rendered":"https:\/\/saloanoticias.mrmediaweb.com\/v1\/2016\/09\/20\/senador-quer-isencao-de-moro-no-caso-lula\/"},"modified":"2016-09-20T12:00:00","modified_gmt":"2016-09-20T12:00:00","slug":"senador-quer-isencao-de-moro-no-caso-lula","status":"publish","type":"post","link":"https:\/\/www.saloanoticias.com\/v1\/senador-quer-isencao-de-moro-no-caso-lula\/","title":{"rendered":"SENADOR QUER ISEN\u00c7\u00c3O DE MORO NO CASO DO EX-PRESIDENTE LULA"},"content":{"rendered":"<p align=\"justify\"><font size=\"3\" face=\"Arial\"><a href=\"http:\/\/www.saloanoticias.com\/images\/9b24cf2f-5260-4e42-bbd1-be5f0a4cbb4d_dd1b6378e5b314e6f5c0c546c1b8b433.jpg\"><img loading=\"lazy\" decoding=\"async\" title=\"9b24cf2f-5260-4e42-bbd1-be5f0a4cbb4d\" style=\"border-top: 0px; border-right: 0px; background-image: none; border-bottom: 0px; float: left; padding-top: 0px; padding-left: 0px; margin: 5px 5px 0px 0px; border-left: 0px; display: inline; padding-right: 0px\" border=\"0\" alt=\"9b24cf2f-5260-4e42-bbd1-be5f0a4cbb4d\" src=\"http:\/\/www.saloanoticias.com\/v1\/wp-content\/uploads\/imagens\/9b24cf2f-5260-4e42-bbd1-be5f0a4cbb4d_thumb_1d50ce66c45df9244112f49f40ca80ff.jpg\" width=\"309\" align=\"left\" height=\"216\"><\/a>O senador Humberto Costa (PT-PE) cobrou nesta segunda-feira (19) \u201cisen\u00e7\u00e3o\u201d do juiz <strong>S\u00e9rgio Moro<\/strong> quando for analisar a den\u00fancia do Minist\u00e9rio P\u00fablico Federal contra o ex-presidente Lula por corrup\u00e7\u00e3o passiva e lavagem de dinheiro. <\/font><font size=\"3\" face=\"Arial\">Segundo ele, os procuradores que o denunciaram promoveram um \u201cverdadeiro show pirot\u00e9cnico\u201d para a imprensa, num hotel pago com dinheiro p\u00fablico, em Curitiba, sem apresentar qualquer prova contra o ex-presidente.<\/font> <\/p>\n<p align=\"justify\"><font size=\"3\" face=\"Arial\">\u201cPela primeira vez na nossa hist\u00f3ria, observamos a lei, as provas e o trabalho investigativo que devem fundamentar uma den\u00fancia serem substitu\u00eddos por um PowerPoint que virou piada at\u00e9 entre os cr\u00edticos mais ferrenhos do PT\u201d, disse o senador pernambucano. <\/font><font size=\"3\" face=\"Arial\">Segundo ele, se \u2013 como disse o procurador Daltan Dallagnol \u2013 Lula \u00e9 o \u201ccomandante m\u00e1ximo\u201d da organiza\u00e7\u00e3o criminosa, o \u201cgeneral do esquema batizado de propinocracia\u201d, onde est\u00e1 a den\u00fancia contra ele por forma\u00e7\u00e3o de quadrilha, \u201ca exata tipifica\u00e7\u00e3o em que se enquadra algu\u00e9m acusado de cometer um crime dessa natureza?\u201d<\/font> <\/p>\n<p align=\"justify\"><font size=\"3\" face=\"Arial\">\u201cEla n\u00e3o existe. \u00c9 por isso que os procuradores n\u00e3o o denunciaram, apesar de o terem acusado sobejamente do crime, citando seu nome 121 vezes no espet\u00e1culo pirot\u00e9cnico que promoveram\u201d, afirmou. <\/font><font size=\"3\" face=\"Arial\">O senador questionou tamb\u00e9m o fato de os procuradores terem utilizado na den\u00fancia trechos da dela\u00e7\u00e3o premiada do ex-presidente da OAS, L\u00e9o Pinheiro, que foi cancelada por ordem do pr\u00f3prio procurador-geral da Rep\u00fablica, Rodrigo Janot.<\/font> <\/p>\n<p align=\"justify\"><font size=\"3\" face=\"Arial\">O l\u00edder do PT disse esperar que o juiz S\u00e9rgio Moro, a quem foi distribu\u00edda a den\u00fancia, \u201caja com a imparcialidade e a parcim\u00f4nia que faltaram aos tr\u00eas procuradores. <\/font><font size=\"3\" face=\"Arial\">\u201cOu faz isto ou estar\u00e1 destru\u00eddo o edif\u00edcio jur\u00eddico que erguemos no Brasil, no qual provas e fatos, e n\u00e3o convic\u00e7\u00f5es pessoais, s\u00e3o fundamentais para embasar o devido processo legal\u201d, concluiu. Fonte: Blog do Inaldo Sampaio<\/font><\/p>\n<div style=\"margin-top: 0px; margin-bottom: 0px;\" class=\"sharethis-inline-share-buttons\" ><\/div>","protected":false},"excerpt":{"rendered":"<p>O senador Humberto Costa (PT-PE) cobrou nesta segunda-feira (19) \u201cisen\u00e7\u00e3o\u201d do juiz S\u00e9rgio Moro quando for analisar a den\u00fancia do Minist\u00e9rio P\u00fablico Federal contra o ex-presidente Lula por corrup\u00e7\u00e3o passiva e lavagem de dinheiro. Segundo ele, os procuradores que o denunciaram promoveram um \u201cverdadeiro show pirot\u00e9cnico\u201d para a imprensa, num hotel pago com dinheiro p\u00fablico, [&hellip;]<\/p>\n","protected":false},"author":1,"featured_media":0,"comment_status":"open","ping_status":"open","sticky":false,"template":"","format":"standard","meta":{"footnotes":""},"categories":[2],"tags":[],"class_list":["post-2899","post","type-post","status-publish","format-standard","hentry","category-noticias-do-dia"],"_links":{"self":[{"href":"https:\/\/www.saloanoticias.com\/v1\/wp-json\/wp\/v2\/posts\/2899","targetHints":{"allow":["GET"]}}],"collection":[{"href":"https:\/\/www.saloanoticias.com\/v1\/wp-json\/wp\/v2\/posts"}],"about":[{"href":"https:\/\/www.saloanoticias.com\/v1\/wp-json\/wp\/v2\/types\/post"}],"author":[{"embeddable":true,"href":"https:\/\/www.saloanoticias.com\/v1\/wp-json\/wp\/v2\/users\/1"}],"replies":[{"embeddable":true,"href":"https:\/\/www.saloanoticias.com\/v1\/wp-json\/wp\/v2\/comments?post=2899"}],"version-history":[{"count":0,"href":"https:\/\/www.saloanoticias.com\/v1\/wp-json\/wp\/v2\/posts\/2899\/revisions"}],"wp:attachment":[{"href":"https:\/\/www.saloanoticias.com\/v1\/wp-json\/wp\/v2\/media?parent=2899"}],"wp:term":[{"taxonomy":"category","embeddable":true,"href":"https:\/\/www.saloanoticias.com\/v1\/wp-json\/wp\/v2\/categories?post=2899"},{"taxonomy":"post_tag","embeddable":true,"href":"https:\/\/www.saloanoticias.com\/v1\/wp-json\/wp\/v2\/tags?post=2899"}],"curies":[{"name":"wp","href":"https:\/\/api.w.org\/{rel}","templated":true}]}}