{"id":28985,"date":"2025-07-11T10:30:07","date_gmt":"2025-07-11T13:30:07","guid":{"rendered":"https:\/\/www.saloanoticias.com\/v1\/?p=28985"},"modified":"2025-07-11T10:41:27","modified_gmt":"2025-07-11T13:41:27","slug":"camara-de-saloa-realiza-21a-sessao-e-aprova-projetos-importantes-para-o-desenvolvimento-do-municipio","status":"publish","type":"post","link":"https:\/\/www.saloanoticias.com\/v1\/camara-de-saloa-realiza-21a-sessao-e-aprova-projetos-importantes-para-o-desenvolvimento-do-municipio\/","title":{"rendered":"C\u00e2mara de Salo\u00e1 realiza 21\u00aa sess\u00e3o e aprova projetos importantes para o desenvolvimento do munic\u00edpio"},"content":{"rendered":"\n<p>Na noite desta quinta-feira (10), foi realizada a 21\u00aa sess\u00e3o ordin\u00e1ria da C\u00e2mara Municipal de Salo\u00e1, no Agreste de Pernambuco. A reuni\u00e3o, que acontece semanalmente \u00e0s quintas-feiras, sempre \u00e0s 19h, contou com a presen\u00e7a de quase todos os parlamentares e teve como destaque a aprecia\u00e7\u00e3o e vota\u00e7\u00e3o de projetos de grande relev\u00e2ncia para o desenvolvimento do munic\u00edpio.<\/p>\n\n\n\n<p>Entre as pautas discutidas, estiveram propostas voltadas \u00e0 melhoria da infraestrutura urbana, educa\u00e7\u00e3o e incentivo \u00e0 agricultura local. Os vereadores debateram intensamente as mat\u00e9rias, buscando sempre atender \u00e0s demandas da popula\u00e7\u00e3o saloaense.<\/p>\n\n\n\n<p>Um dos pontos marcantes da sess\u00e3o foi a presen\u00e7a do gestor municipal J\u00fanior de Rivaldo, que acompanhou de perto os trabalhos legislativos e reafirmou a import\u00e2ncia da parceria entre o Executivo e o Legislativo para promover avan\u00e7os concretos na cidade.<\/p>\n\n\n<div class=\"wp-block-image\">\n<figure class=\"aligncenter size-large\"><img loading=\"lazy\" decoding=\"async\" width=\"1024\" height=\"560\" src=\"https:\/\/www.saloanoticias.com\/v1\/wp-content\/uploads\/2025\/07\/IMG_7352-1024x560.jpeg\" alt=\"\" class=\"wp-image-28988\" srcset=\"https:\/\/www.saloanoticias.com\/v1\/wp-content\/uploads\/2025\/07\/IMG_7352-1024x560.jpeg 1024w, https:\/\/www.saloanoticias.com\/v1\/wp-content\/uploads\/2025\/07\/IMG_7352-300x164.jpeg 300w, https:\/\/www.saloanoticias.com\/v1\/wp-content\/uploads\/2025\/07\/IMG_7352-768x420.jpeg 768w, https:\/\/www.saloanoticias.com\/v1\/wp-content\/uploads\/2025\/07\/IMG_7352.jpeg 1206w\" sizes=\"auto, (max-width: 1024px) 100vw, 1024px\" \/><\/figure>\n<\/div>\n\n\n<p>Sua participa\u00e7\u00e3o foi bem recebida pelos parlamentares, que destacaram a abertura ao di\u00e1logo e o compromisso com o progresso de Salo\u00e1. O presidente da Casa destacou a import\u00e2ncia da participa\u00e7\u00e3o popular nas sess\u00f5es e refor\u00e7ou o convite \u00e0 popula\u00e7\u00e3o para acompanhar os encontros semanais, que s\u00e3o momentos cruciais para o debate democr\u00e1tico e a tomada de decis\u00f5es que impactam diretamente a vida dos cidad\u00e3os.<\/p>\n\n\n\n<p>Com a aprova\u00e7\u00e3o dos projetos, a expectativa \u00e9 de que novas a\u00e7\u00f5es possam ser implementadas ainda neste semestre, trazendo benef\u00edcios concretos para diversas \u00e1reas do munic\u00edpio.<\/p>\n<div style=\"margin-top: 0px; margin-bottom: 0px;\" class=\"sharethis-inline-share-buttons\" ><\/div>","protected":false},"excerpt":{"rendered":"<p>Na noite desta quinta-feira (10), foi realizada a 21\u00aa sess\u00e3o ordin\u00e1ria da C\u00e2mara Municipal de Salo\u00e1, no Agreste de Pernambuco. A reuni\u00e3o, que acontece semanalmente \u00e0s quintas-feiras, sempre \u00e0s 19h, contou com a presen\u00e7a de quase todos os parlamentares e teve como destaque a aprecia\u00e7\u00e3o e vota\u00e7\u00e3o de projetos de grande relev\u00e2ncia para o desenvolvimento [&hellip;]<\/p>\n","protected":false},"author":1,"featured_media":28987,"comment_status":"closed","ping_status":"closed","sticky":false,"template":"","format":"standard","meta":{"footnotes":""},"categories":[21],"tags":[22],"class_list":["post-28985","post","type-post","status-publish","format-standard","has-post-thumbnail","hentry","category-cidade","tag-destaques"],"_links":{"self":[{"href":"https:\/\/www.saloanoticias.com\/v1\/wp-json\/wp\/v2\/posts\/28985","targetHints":{"allow":["GET"]}}],"collection":[{"href":"https:\/\/www.saloanoticias.com\/v1\/wp-json\/wp\/v2\/posts"}],"about":[{"href":"https:\/\/www.saloanoticias.com\/v1\/wp-json\/wp\/v2\/types\/post"}],"author":[{"embeddable":true,"href":"https:\/\/www.saloanoticias.com\/v1\/wp-json\/wp\/v2\/users\/1"}],"replies":[{"embeddable":true,"href":"https:\/\/www.saloanoticias.com\/v1\/wp-json\/wp\/v2\/comments?post=28985"}],"version-history":[{"count":3,"href":"https:\/\/www.saloanoticias.com\/v1\/wp-json\/wp\/v2\/posts\/28985\/revisions"}],"predecessor-version":[{"id":28990,"href":"https:\/\/www.saloanoticias.com\/v1\/wp-json\/wp\/v2\/posts\/28985\/revisions\/28990"}],"wp:featuredmedia":[{"embeddable":true,"href":"https:\/\/www.saloanoticias.com\/v1\/wp-json\/wp\/v2\/media\/28987"}],"wp:attachment":[{"href":"https:\/\/www.saloanoticias.com\/v1\/wp-json\/wp\/v2\/media?parent=28985"}],"wp:term":[{"taxonomy":"category","embeddable":true,"href":"https:\/\/www.saloanoticias.com\/v1\/wp-json\/wp\/v2\/categories?post=28985"},{"taxonomy":"post_tag","embeddable":true,"href":"https:\/\/www.saloanoticias.com\/v1\/wp-json\/wp\/v2\/tags?post=28985"}],"curies":[{"name":"wp","href":"https:\/\/api.w.org\/{rel}","templated":true}]}}