{"id":28975,"date":"2025-07-10T11:47:38","date_gmt":"2025-07-10T14:47:38","guid":{"rendered":"https:\/\/www.saloanoticias.com\/v1\/?p=28975"},"modified":"2025-07-10T22:03:19","modified_gmt":"2025-07-11T01:03:19","slug":"prefeito-junior-de-rivaldo-participa-de-entrega-de-titulos-de-posse-com-a-governadora-raquel-lyra-em-garanhuns","status":"publish","type":"post","link":"https:\/\/www.saloanoticias.com\/v1\/prefeito-junior-de-rivaldo-participa-de-entrega-de-titulos-de-posse-com-a-governadora-raquel-lyra-em-garanhuns\/","title":{"rendered":"Prefeito J\u00fanior de Rivaldo participa de entrega de t\u00edtulos de posse com a governadora Raquel Lyra em Garanhuns"},"content":{"rendered":"\n<p>Na manh\u00e3 desta quinta-feira (10), o prefeito de Salo\u00e1, J\u00fanior de Rivaldo, que tamb\u00e9m \u00e9 presidente da CODEAM, participou da solenidade de entrega de t\u00edtulos de posse de propriedades urbanas realizada pela governadora Raquel Lyra, na cidade de Garanhuns. O evento marcou um momento hist\u00f3rico para mais de 500 fam\u00edlias do Agreste Meridional, que foram beneficiadas com a regulariza\u00e7\u00e3o fundi\u00e1ria de seus im\u00f3veis.<\/p>\n\n\n<div class=\"wp-block-image\">\n<figure class=\"aligncenter size-large\"><img loading=\"lazy\" decoding=\"async\" width=\"1024\" height=\"768\" src=\"https:\/\/www.saloanoticias.com\/v1\/wp-content\/uploads\/2025\/07\/0de9c902-f242-4f9f-aa50-6b2b249be870-1024x768.jpeg\" alt=\"\" class=\"wp-image-28981\" srcset=\"https:\/\/www.saloanoticias.com\/v1\/wp-content\/uploads\/2025\/07\/0de9c902-f242-4f9f-aa50-6b2b249be870-1024x768.jpeg 1024w, https:\/\/www.saloanoticias.com\/v1\/wp-content\/uploads\/2025\/07\/0de9c902-f242-4f9f-aa50-6b2b249be870-300x225.jpeg 300w, https:\/\/www.saloanoticias.com\/v1\/wp-content\/uploads\/2025\/07\/0de9c902-f242-4f9f-aa50-6b2b249be870-768x576.jpeg 768w, https:\/\/www.saloanoticias.com\/v1\/wp-content\/uploads\/2025\/07\/0de9c902-f242-4f9f-aa50-6b2b249be870-1536x1152.jpeg 1536w, https:\/\/www.saloanoticias.com\/v1\/wp-content\/uploads\/2025\/07\/0de9c902-f242-4f9f-aa50-6b2b249be870-2048x1536.jpeg 2048w\" sizes=\"auto, (max-width: 1024px) 100vw, 1024px\" \/><\/figure>\n<\/div>\n\n\n<p>A cerim\u00f4nia reuniu prefeitos da regi\u00e3o, lideran\u00e7as pol\u00edticas, representantes de movimentos sociais e membros do Governo do Estado, evidenciando o compromisso da gest\u00e3o estadual com a seguran\u00e7a jur\u00eddica e a dignidade das fam\u00edlias do campo e da cidade. Durante o evento, a governadora destacou que a entrega dos t\u00edtulos garante aos beneficiados o direito legal \u00e0 propriedade onde vivem, possibilitando acesso a cr\u00e9dito, investimentos e pol\u00edticas p\u00fablicas.<\/p>\n\n\n\n<figure class=\"wp-block-image size-full\"><img loading=\"lazy\" decoding=\"async\" width=\"1018\" height=\"884\" src=\"https:\/\/www.saloanoticias.com\/v1\/wp-content\/uploads\/2025\/07\/d9150fa8-bc8b-4935-bf8f-066a3ea69438.jpeg\" alt=\"\" class=\"wp-image-28982\" srcset=\"https:\/\/www.saloanoticias.com\/v1\/wp-content\/uploads\/2025\/07\/d9150fa8-bc8b-4935-bf8f-066a3ea69438.jpeg 1018w, https:\/\/www.saloanoticias.com\/v1\/wp-content\/uploads\/2025\/07\/d9150fa8-bc8b-4935-bf8f-066a3ea69438-300x261.jpeg 300w, https:\/\/www.saloanoticias.com\/v1\/wp-content\/uploads\/2025\/07\/d9150fa8-bc8b-4935-bf8f-066a3ea69438-768x667.jpeg 768w\" sizes=\"auto, (max-width: 1018px) 100vw, 1018px\" \/><\/figure>\n\n\n\n<p>O prefeito J\u00fanior de Rivaldo elogiou a iniciativa do Governo do Estado e ressaltou a import\u00e2ncia da a\u00e7\u00e3o para o fortalecimento da cidadania. \u201cEste \u00e9 um momento de grande import\u00e2ncia para as fam\u00edlias que h\u00e1 anos aguardavam por esse reconhecimento legal. A regulariza\u00e7\u00e3o fundi\u00e1ria transforma vidas e leva mais dignidade, seguran\u00e7a e oportunidade para quem tanto contribui com o desenvolvimento da nossa regi\u00e3o\u201d, afirmou.<\/p>\n\n\n\n<p>A participa\u00e7\u00e3o do gestor saloaense demonstra o comprometimento da Prefeitura de Salo\u00e1 com pautas estruturantes e com parcerias que beneficiem a popula\u00e7\u00e3o. \u201cSeguiremos atentos a todas as oportunidades que tragam avan\u00e7os reais para o nosso povo. Parabenizo a governadora Raquel Lyra por essa a\u00e7\u00e3o concreta e transformadora\u201d, concluiu J\u00fanior de Rivaldo.<\/p>\n\n\n\n<p>O evento reafirma o papel do poder p\u00fablico na constru\u00e7\u00e3o de pol\u00edticas que impactam diretamente a vida das pessoas, promovendo justi\u00e7a social e desenvolvimento regional.<\/p>\n<div style=\"margin-top: 0px; margin-bottom: 0px;\" class=\"sharethis-inline-share-buttons\" ><\/div>","protected":false},"excerpt":{"rendered":"<p>Na manh\u00e3 desta quinta-feira (10), o prefeito de Salo\u00e1, J\u00fanior de Rivaldo, que tamb\u00e9m \u00e9 presidente da CODEAM, participou da solenidade de entrega de t\u00edtulos de posse de propriedades urbanas realizada pela governadora Raquel Lyra, na cidade de Garanhuns. O evento marcou um momento hist\u00f3rico para mais de 500 fam\u00edlias do Agreste Meridional, que foram [&hellip;]<\/p>\n","protected":false},"author":1,"featured_media":28976,"comment_status":"closed","ping_status":"closed","sticky":false,"template":"","format":"standard","meta":{"footnotes":""},"categories":[21],"tags":[22],"class_list":["post-28975","post","type-post","status-publish","format-standard","has-post-thumbnail","hentry","category-cidade","tag-destaques"],"_links":{"self":[{"href":"https:\/\/www.saloanoticias.com\/v1\/wp-json\/wp\/v2\/posts\/28975","targetHints":{"allow":["GET"]}}],"collection":[{"href":"https:\/\/www.saloanoticias.com\/v1\/wp-json\/wp\/v2\/posts"}],"about":[{"href":"https:\/\/www.saloanoticias.com\/v1\/wp-json\/wp\/v2\/types\/post"}],"author":[{"embeddable":true,"href":"https:\/\/www.saloanoticias.com\/v1\/wp-json\/wp\/v2\/users\/1"}],"replies":[{"embeddable":true,"href":"https:\/\/www.saloanoticias.com\/v1\/wp-json\/wp\/v2\/comments?post=28975"}],"version-history":[{"count":4,"href":"https:\/\/www.saloanoticias.com\/v1\/wp-json\/wp\/v2\/posts\/28975\/revisions"}],"predecessor-version":[{"id":28984,"href":"https:\/\/www.saloanoticias.com\/v1\/wp-json\/wp\/v2\/posts\/28975\/revisions\/28984"}],"wp:featuredmedia":[{"embeddable":true,"href":"https:\/\/www.saloanoticias.com\/v1\/wp-json\/wp\/v2\/media\/28976"}],"wp:attachment":[{"href":"https:\/\/www.saloanoticias.com\/v1\/wp-json\/wp\/v2\/media?parent=28975"}],"wp:term":[{"taxonomy":"category","embeddable":true,"href":"https:\/\/www.saloanoticias.com\/v1\/wp-json\/wp\/v2\/categories?post=28975"},{"taxonomy":"post_tag","embeddable":true,"href":"https:\/\/www.saloanoticias.com\/v1\/wp-json\/wp\/v2\/tags?post=28975"}],"curies":[{"name":"wp","href":"https:\/\/api.w.org\/{rel}","templated":true}]}}