{"id":2897,"date":"2016-09-18T11:00:00","date_gmt":"2016-09-18T11:00:00","guid":{"rendered":"https:\/\/saloanoticias.mrmediaweb.com\/v1\/2016\/09\/18\/nota-de-falecimento-diego-pereira-da-silva\/"},"modified":"2016-09-18T11:00:00","modified_gmt":"2016-09-18T11:00:00","slug":"nota-de-falecimento-diego-pereira-da-silva","status":"publish","type":"post","link":"https:\/\/www.saloanoticias.com\/v1\/nota-de-falecimento-diego-pereira-da-silva\/","title":{"rendered":"NOTA DE FALECIMENTO: DIEGO PEREIRA DA SILVA, DE 22 ANOS, FILHO DE Z\u00c9 DO ROLO"},"content":{"rendered":"<p align=\"justify\"><font size=\"3\" face=\"Arial\"><a href=\"http:\/\/www.saloanoticias.com\/images\/13433198_10201629930106752_3205501769822418203_o_12c60ab0ef84991563abcb0f76644631.jpg\"><img loading=\"lazy\" decoding=\"async\" title=\"13433198_10201629930106752_3205501769822418203_o\" style=\"border-top: 0px; border-right: 0px; background-image: none; border-bottom: 0px; float: none; padding-top: 0px; padding-left: 0px; margin: 0px auto 10px; border-left: 0px; display: block; padding-right: 0px\" border=\"0\" alt=\"13433198_10201629930106752_3205501769822418203_o\" src=\"http:\/\/www.saloanoticias.com\/v1\/wp-content\/uploads\/imagens\/13433198_10201629930106752_3205501769822418203_o_thumb_76bcc1de54d9cbc42be8599aa2913d2a.jpg\" width=\"1332\" height=\"999\"><\/a>Faleceu \u00e0s 22h deste s\u00e1bado, dia 17 de setembro de 2016, o jovem Diego Pereira da Silva, de 22 anos, filho de Eliane Tavares da Silva e Jos\u00e9 Pereira da Silva (Z\u00e9 do Rolo). O corpo foi encaminhado ao IML de Caruaru para ser submetido \u00e0 aut\u00f3psia e ainda n\u00e3o foi liberado. Segundo as informa\u00e7\u00f5es repassadas por familiares, Diego se sentiu mal e caiu dentro do banheiro de sua resid\u00eancia no bairro Cohab Nova em Salo\u00e1, foi socorrido mas n\u00e3o resistiu.<\/font><\/p>\n<p align=\"justify\"><font size=\"3\" face=\"Arial\">A fam\u00edlia informou ainda que o vel\u00f3rio acontecer\u00e1 na casa de Z\u00e9 do Rolo, que fica no Bairro Jaqueir\u00e3o, no centro da cidade, assim que o corpo for liberado pelo IML. O hor\u00e1rio do sepultamento ainda ser\u00e1 definido pela fam\u00edlia. Desde j\u00e1, os pais, irm\u00e3os, sobrinhos e os demais parentes, agradecem a todos que comparecerem a este ato de f\u00e9 e irmandade crist\u00e3.<\/font><\/p>\n<p align=\"justify\"><font size=\"3\" face=\"Arial\"><strong>GRUPO CAF\u00c9 COM LEITE SUSPENDE ATIVIDADES POL\u00cdTICAS NESTE DOMINGO (18)<\/strong>: A \u201cColiga\u00e7\u00e3o Caf\u00e9 com Leite\u201d suspendeu as suas atividades pol\u00edticas que seriam realizadas neste domingo (18) na Rua Rold\u00e3o Ten\u00f3rio Cavalcante, por conta da morte do Jovem Diego Pereira da Silva, pois, o mesmo fazia parte da milit\u00e2ncia da campanha e era uma pessoa muito querida por todos. Foto da internet<\/font><\/p>\n<div style=\"margin-top: 0px; margin-bottom: 0px;\" class=\"sharethis-inline-share-buttons\" ><\/div>","protected":false},"excerpt":{"rendered":"<p>Faleceu \u00e0s 22h deste s\u00e1bado, dia 17 de setembro de 2016, o jovem Diego Pereira da Silva, de 22 anos, filho de Eliane Tavares da Silva e Jos\u00e9 Pereira da Silva (Z\u00e9 do Rolo). O corpo foi encaminhado ao IML de Caruaru para ser submetido \u00e0 aut\u00f3psia e ainda n\u00e3o foi liberado. Segundo as informa\u00e7\u00f5es [&hellip;]<\/p>\n","protected":false},"author":1,"featured_media":0,"comment_status":"open","ping_status":"open","sticky":false,"template":"","format":"standard","meta":{"footnotes":""},"categories":[2],"tags":[],"class_list":["post-2897","post","type-post","status-publish","format-standard","hentry","category-noticias-do-dia"],"_links":{"self":[{"href":"https:\/\/www.saloanoticias.com\/v1\/wp-json\/wp\/v2\/posts\/2897","targetHints":{"allow":["GET"]}}],"collection":[{"href":"https:\/\/www.saloanoticias.com\/v1\/wp-json\/wp\/v2\/posts"}],"about":[{"href":"https:\/\/www.saloanoticias.com\/v1\/wp-json\/wp\/v2\/types\/post"}],"author":[{"embeddable":true,"href":"https:\/\/www.saloanoticias.com\/v1\/wp-json\/wp\/v2\/users\/1"}],"replies":[{"embeddable":true,"href":"https:\/\/www.saloanoticias.com\/v1\/wp-json\/wp\/v2\/comments?post=2897"}],"version-history":[{"count":0,"href":"https:\/\/www.saloanoticias.com\/v1\/wp-json\/wp\/v2\/posts\/2897\/revisions"}],"wp:attachment":[{"href":"https:\/\/www.saloanoticias.com\/v1\/wp-json\/wp\/v2\/media?parent=2897"}],"wp:term":[{"taxonomy":"category","embeddable":true,"href":"https:\/\/www.saloanoticias.com\/v1\/wp-json\/wp\/v2\/categories?post=2897"},{"taxonomy":"post_tag","embeddable":true,"href":"https:\/\/www.saloanoticias.com\/v1\/wp-json\/wp\/v2\/tags?post=2897"}],"curies":[{"name":"wp","href":"https:\/\/api.w.org\/{rel}","templated":true}]}}