{"id":2895,"date":"2016-09-16T14:00:00","date_gmt":"2016-09-16T14:00:00","guid":{"rendered":"https:\/\/saloanoticias.mrmediaweb.com\/v1\/2016\/09\/16\/projeto-pracas-conectadas-de-autoria-do-vereador-ronaldinho-comeca-a-funcionar-essa-semana-em-saloa\/"},"modified":"2016-09-16T14:00:00","modified_gmt":"2016-09-16T14:00:00","slug":"projeto-pracas-conectadas-de-autoria-do-vereador-ronaldinho-comeca-a-funcionar-essa-semana-em-saloa","status":"publish","type":"post","link":"https:\/\/www.saloanoticias.com\/v1\/projeto-pracas-conectadas-de-autoria-do-vereador-ronaldinho-comeca-a-funcionar-essa-semana-em-saloa\/","title":{"rendered":"PROJETO PRA\u00c7AS CONECTADAS DE AUTORIA DO \u201cVEREADOR RONALDINHO\u201d COME\u00c7AR\u00c1 A FUNCIONAR ESSA SEMANA EM SALO\u00c1"},"content":{"rendered":"<p align=\"justify\"><font size=\"3\" face=\"Arial\"><a href=\"http:\/\/www.saloanoticias.com\/images\/ronaldinho-birunda_f6551f0f7e9a4bafc4fbc69c5ad2b149.jpg\"><img loading=\"lazy\" decoding=\"async\" title=\"Ronaldinho Birunda\" style=\"border-left-width: 0px; border-right-width: 0px; background-image: none; border-bottom-width: 0px; float: left; padding-top: 0px; padding-left: 0px; margin: 5px 5px 0px 0px; display: inline; padding-right: 0px; border-top-width: 0px\" border=\"0\" alt=\"Ronaldinho Birunda\" src=\"http:\/\/www.saloanoticias.com\/v1\/wp-content\/uploads\/imagens\/ronaldinho-birunda_thumb_794c4d30b837ef46aa054b9ece5a068a.jpg\" width=\"253\" align=\"left\" height=\"226\"><\/a>O Projeto \u201cPra\u00e7as Conectadas\u201d de autoria do Vereador Osvaldo Ronaldo Alves Cavalcante, o Ronaldinho Birunda (PSB), come\u00e7a a funcionar em Salo\u00e1\/PE a partir de hoje (16\/09). O projeto vai levar internet Wifi gr\u00e1tis para as pra\u00e7as de nossa cidade, e a primeira pra\u00e7a a ser liberado o sinal ser\u00e1 a pra\u00e7a S\u00e3o Vicente, que \u00e9 a pra\u00e7a principal e a mais conhecida em nossa cidade. <\/font><font size=\"3\" face=\"Arial\">O vereador Ronaldinho est\u00e1 de parab\u00e9ns, pelo projeto que vem em beneficio para a popula\u00e7\u00e3o. Como todos j\u00e1 sabemos, quase toda a popula\u00e7\u00e3o hoje vive conectada nos meios sociais, e nada melhor que um wifi para quem estiver na pra\u00e7a atualizar seu perfil, mandar mensagens no WhatsApp, Facebook, postar fotos no Instagram e muito mais.<\/font>  <\/p>\n<p align=\"justify\"><font size=\"3\" face=\"Arial\">Ent\u00e3o n\u00e3o se esque\u00e7am, a partir de hoje o Projeto Pra\u00e7as Conectadas de autoria do vereador Ronaldinho j\u00e1 estar\u00e1 funcionando em Salo\u00e1 ! <font size=\"2\">Fonte: <\/font><a title=\"http:\/\/www.saloanews1.com\/\" href=\"http:\/\/www.saloanews1.com\/\"><font size=\"2\">http:\/\/www.saloanews1.com\/<\/font><\/a><\/font><\/p>\n<div style=\"margin-top: 0px; margin-bottom: 0px;\" class=\"sharethis-inline-share-buttons\" ><\/div>","protected":false},"excerpt":{"rendered":"<p>O Projeto \u201cPra\u00e7as Conectadas\u201d de autoria do Vereador Osvaldo Ronaldo Alves Cavalcante, o Ronaldinho Birunda (PSB), come\u00e7a a funcionar em Salo\u00e1\/PE a partir de hoje (16\/09). O projeto vai levar internet Wifi gr\u00e1tis para as pra\u00e7as de nossa cidade, e a primeira pra\u00e7a a ser liberado o sinal ser\u00e1 a pra\u00e7a S\u00e3o Vicente, que \u00e9 [&hellip;]<\/p>\n","protected":false},"author":1,"featured_media":0,"comment_status":"open","ping_status":"open","sticky":false,"template":"","format":"standard","meta":{"footnotes":""},"categories":[2],"tags":[],"class_list":["post-2895","post","type-post","status-publish","format-standard","hentry","category-noticias-do-dia"],"_links":{"self":[{"href":"https:\/\/www.saloanoticias.com\/v1\/wp-json\/wp\/v2\/posts\/2895","targetHints":{"allow":["GET"]}}],"collection":[{"href":"https:\/\/www.saloanoticias.com\/v1\/wp-json\/wp\/v2\/posts"}],"about":[{"href":"https:\/\/www.saloanoticias.com\/v1\/wp-json\/wp\/v2\/types\/post"}],"author":[{"embeddable":true,"href":"https:\/\/www.saloanoticias.com\/v1\/wp-json\/wp\/v2\/users\/1"}],"replies":[{"embeddable":true,"href":"https:\/\/www.saloanoticias.com\/v1\/wp-json\/wp\/v2\/comments?post=2895"}],"version-history":[{"count":0,"href":"https:\/\/www.saloanoticias.com\/v1\/wp-json\/wp\/v2\/posts\/2895\/revisions"}],"wp:attachment":[{"href":"https:\/\/www.saloanoticias.com\/v1\/wp-json\/wp\/v2\/media?parent=2895"}],"wp:term":[{"taxonomy":"category","embeddable":true,"href":"https:\/\/www.saloanoticias.com\/v1\/wp-json\/wp\/v2\/categories?post=2895"},{"taxonomy":"post_tag","embeddable":true,"href":"https:\/\/www.saloanoticias.com\/v1\/wp-json\/wp\/v2\/tags?post=2895"}],"curies":[{"name":"wp","href":"https:\/\/api.w.org\/{rel}","templated":true}]}}