{"id":28942,"date":"2025-07-07T14:27:56","date_gmt":"2025-07-07T17:27:56","guid":{"rendered":"https:\/\/www.saloanoticias.com\/v1\/?p=28942"},"modified":"2025-07-07T21:24:18","modified_gmt":"2025-07-08T00:24:18","slug":"saloa-encerra-o-sao-joao-de-todos-os-tempos-em-grande-estilo-com-a-vontade-e-milhares-na-praca","status":"publish","type":"post","link":"https:\/\/www.saloanoticias.com\/v1\/saloa-encerra-o-sao-joao-de-todos-os-tempos-em-grande-estilo-com-a-vontade-e-milhares-na-praca\/","title":{"rendered":"Salo\u00e1 encerra o &#8220;S\u00e3o Jo\u00e3o de Todos os Tempos&#8221; em grande estilo com &#8220;\u00c0 Vontade&#8221; e milhares na pra\u00e7a"},"content":{"rendered":"\n<p>O &#8220;S\u00e3o Jo\u00e3o de Todos os Tempos 2025&#8221; de Salo\u00e1 chegou ao fim na Pra\u00e7a de Eventos Agamenon Magalh\u00e3es com chave de ouro, em uma noite que selou o sucesso dos festejos juninos no munic\u00edpio. O encerramento, que aconteceu neste domingo (6), reuniu mais de 10 mil pessoas para prestigiar a apresenta\u00e7\u00e3o do saloaense Mailson Vaqueiro e do Projeto \u00c0 Vontade, que trouxe ao palco os aclamados cantores Zezo, Luan e Ra\u00ed.<\/p>\n\n\n\n<p>A performance do trio, com um repert\u00f3rio repleto de sucessos do forr\u00f3, brega e do romantismo, contagiou o p\u00fablico, que cantou e dan\u00e7ou em clima de despedida dos festejos. A pra\u00e7a ficou completamente lotada, comprovando o \u00eaxito da programa\u00e7\u00e3o junina que, ao longo dos meses de junho e julho, trouxe diversas atra\u00e7\u00f5es e movimentou a economia da cidade.<\/p>\n\n\n\n<p>O prefeito de Salo\u00e1, J\u00fanior de Rivaldo, esteve presente no encerramento e expressou sua imensa satisfa\u00e7\u00e3o com o resultado do evento. Emocionado, o gestor subiu ao palco para agradecer \u00e0 popula\u00e7\u00e3o pela presen\u00e7a e a todos os envolvidos na organiza\u00e7\u00e3o.<\/p>\n\n\n<div class=\"wp-block-image\">\n<figure class=\"aligncenter size-large\"><img loading=\"lazy\" decoding=\"async\" width=\"1024\" height=\"678\" src=\"https:\/\/www.saloanoticias.com\/v1\/wp-content\/uploads\/2025\/07\/IMG_7271-1024x678.jpeg\" alt=\"\" class=\"wp-image-28945\" srcset=\"https:\/\/www.saloanoticias.com\/v1\/wp-content\/uploads\/2025\/07\/IMG_7271-1024x678.jpeg 1024w, https:\/\/www.saloanoticias.com\/v1\/wp-content\/uploads\/2025\/07\/IMG_7271-300x199.jpeg 300w, https:\/\/www.saloanoticias.com\/v1\/wp-content\/uploads\/2025\/07\/IMG_7271-768x509.jpeg 768w, https:\/\/www.saloanoticias.com\/v1\/wp-content\/uploads\/2025\/07\/IMG_7271-1536x1017.jpeg 1536w, https:\/\/www.saloanoticias.com\/v1\/wp-content\/uploads\/2025\/07\/IMG_7271-2048x1356.jpeg 2048w\" sizes=\"auto, (max-width: 1024px) 100vw, 1024px\" \/><\/figure>\n<\/div>\n\n\n<p>&#8220;Estou muito feliz por finalizar essa grande festa em alto estilo, com um p\u00fablico t\u00e3o maravilhoso e atra\u00e7\u00f5es que fizeram a diferen\u00e7a. Este sucesso \u00e9 fruto de muito trabalho e dedica\u00e7\u00e3o&#8221;, declarou o prefeito.<\/p>\n\n\n\n<p>J\u00fanior de Rivaldo fez quest\u00e3o de estender seus agradecimentos ao seu &#8220;time&#8221; completo: vereadores, secret\u00e1rios e colaboradores de todas as \u00e1reas da administra\u00e7\u00e3o municipal, reconhecendo o empenho de cada um para que o &#8220;S\u00e3o Jo\u00e3o de Todos os Tempos&#8221; fosse um verdadeiro espet\u00e1culo.<\/p>\n\n\n<div class=\"wp-block-image\">\n<figure class=\"aligncenter size-large\"><img loading=\"lazy\" decoding=\"async\" width=\"1024\" height=\"683\" src=\"https:\/\/www.saloanoticias.com\/v1\/wp-content\/uploads\/2025\/07\/IMG_7272-1024x683.jpeg\" alt=\"\" class=\"wp-image-28948\" srcset=\"https:\/\/www.saloanoticias.com\/v1\/wp-content\/uploads\/2025\/07\/IMG_7272-1024x683.jpeg 1024w, https:\/\/www.saloanoticias.com\/v1\/wp-content\/uploads\/2025\/07\/IMG_7272-300x200.jpeg 300w, https:\/\/www.saloanoticias.com\/v1\/wp-content\/uploads\/2025\/07\/IMG_7272-768x512.jpeg 768w, https:\/\/www.saloanoticias.com\/v1\/wp-content\/uploads\/2025\/07\/IMG_7272-1536x1024.jpeg 1536w, https:\/\/www.saloanoticias.com\/v1\/wp-content\/uploads\/2025\/07\/IMG_7272.jpeg 2048w\" sizes=\"auto, (max-width: 1024px) 100vw, 1024px\" \/><\/figure>\n<\/div>\n\n\n<p>O encerramento da festa consolida o S\u00e3o Jo\u00e3o de Salo\u00e1 como um dos mais importantes do Agreste pernambucano, n\u00e3o apenas pela qualidade das atra\u00e7\u00f5es, mas tamb\u00e9m pela organiza\u00e7\u00e3o e pela capacidade de atrair e envolver a comunidade.<\/p>\n\n\n\n<p>A prefeitura e os moradores j\u00e1 celebram o sucesso e a mem\u00f3ria de um S\u00e3o Jo\u00e3o que, de fato, marcou todos os tempos.<\/p>\n\n\n<div class=\"wp-block-image\">\n<figure class=\"aligncenter size-large\"><img loading=\"lazy\" decoding=\"async\" width=\"1024\" height=\"1011\" src=\"https:\/\/www.saloanoticias.com\/v1\/wp-content\/uploads\/2025\/07\/f51d3bca-0953-4f15-b526-4bf65effd096-1024x1011.jpeg\" alt=\"\" class=\"wp-image-28951\" srcset=\"https:\/\/www.saloanoticias.com\/v1\/wp-content\/uploads\/2025\/07\/f51d3bca-0953-4f15-b526-4bf65effd096-1024x1011.jpeg 1024w, https:\/\/www.saloanoticias.com\/v1\/wp-content\/uploads\/2025\/07\/f51d3bca-0953-4f15-b526-4bf65effd096-300x296.jpeg 300w, https:\/\/www.saloanoticias.com\/v1\/wp-content\/uploads\/2025\/07\/f51d3bca-0953-4f15-b526-4bf65effd096-768x758.jpeg 768w, https:\/\/www.saloanoticias.com\/v1\/wp-content\/uploads\/2025\/07\/f51d3bca-0953-4f15-b526-4bf65effd096-1536x1516.jpeg 1536w, https:\/\/www.saloanoticias.com\/v1\/wp-content\/uploads\/2025\/07\/f51d3bca-0953-4f15-b526-4bf65effd096-2048x2021.jpeg 2048w, https:\/\/www.saloanoticias.com\/v1\/wp-content\/uploads\/2025\/07\/f51d3bca-0953-4f15-b526-4bf65effd096-80x80.jpeg 80w\" sizes=\"auto, (max-width: 1024px) 100vw, 1024px\" \/><\/figure>\n<\/div><div style=\"margin-top: 0px; margin-bottom: 0px;\" class=\"sharethis-inline-share-buttons\" ><\/div>","protected":false},"excerpt":{"rendered":"<p>O &#8220;S\u00e3o Jo\u00e3o de Todos os Tempos 2025&#8221; de Salo\u00e1 chegou ao fim na Pra\u00e7a de Eventos Agamenon Magalh\u00e3es com chave de ouro, em uma noite que selou o sucesso dos festejos juninos no munic\u00edpio. O encerramento, que aconteceu neste domingo (6), reuniu mais de 10 mil pessoas para prestigiar a apresenta\u00e7\u00e3o do saloaense Mailson [&hellip;]<\/p>\n","protected":false},"author":1,"featured_media":28944,"comment_status":"closed","ping_status":"closed","sticky":false,"template":"","format":"standard","meta":{"footnotes":""},"categories":[21],"tags":[22],"class_list":["post-28942","post","type-post","status-publish","format-standard","has-post-thumbnail","hentry","category-cidade","tag-destaques"],"_links":{"self":[{"href":"https:\/\/www.saloanoticias.com\/v1\/wp-json\/wp\/v2\/posts\/28942","targetHints":{"allow":["GET"]}}],"collection":[{"href":"https:\/\/www.saloanoticias.com\/v1\/wp-json\/wp\/v2\/posts"}],"about":[{"href":"https:\/\/www.saloanoticias.com\/v1\/wp-json\/wp\/v2\/types\/post"}],"author":[{"embeddable":true,"href":"https:\/\/www.saloanoticias.com\/v1\/wp-json\/wp\/v2\/users\/1"}],"replies":[{"embeddable":true,"href":"https:\/\/www.saloanoticias.com\/v1\/wp-json\/wp\/v2\/comments?post=28942"}],"version-history":[{"count":4,"href":"https:\/\/www.saloanoticias.com\/v1\/wp-json\/wp\/v2\/posts\/28942\/revisions"}],"predecessor-version":[{"id":28953,"href":"https:\/\/www.saloanoticias.com\/v1\/wp-json\/wp\/v2\/posts\/28942\/revisions\/28953"}],"wp:featuredmedia":[{"embeddable":true,"href":"https:\/\/www.saloanoticias.com\/v1\/wp-json\/wp\/v2\/media\/28944"}],"wp:attachment":[{"href":"https:\/\/www.saloanoticias.com\/v1\/wp-json\/wp\/v2\/media?parent=28942"}],"wp:term":[{"taxonomy":"category","embeddable":true,"href":"https:\/\/www.saloanoticias.com\/v1\/wp-json\/wp\/v2\/categories?post=28942"},{"taxonomy":"post_tag","embeddable":true,"href":"https:\/\/www.saloanoticias.com\/v1\/wp-json\/wp\/v2\/tags?post=28942"}],"curies":[{"name":"wp","href":"https:\/\/api.w.org\/{rel}","templated":true}]}}