{"id":2891,"date":"2016-09-13T22:00:00","date_gmt":"2016-09-13T22:00:00","guid":{"rendered":"https:\/\/saloanoticias.mrmediaweb.com\/v1\/2016\/09\/13\/jorginho-renuncia-ao-conselho-tutelar\/"},"modified":"2016-09-13T22:00:00","modified_gmt":"2016-09-13T22:00:00","slug":"jorginho-renuncia-ao-conselho-tutelar","status":"publish","type":"post","link":"https:\/\/www.saloanoticias.com\/v1\/jorginho-renuncia-ao-conselho-tutelar\/","title":{"rendered":"JORGINHO DO GALETO RENUNCIA AO CARGO DE CONSELHEIRO TUTELAR DE SALO\u00c1"},"content":{"rendered":"<p align=\"justify\"><font size=\"3\" face=\"Arial\"><a href=\"http:\/\/www.saloanoticias.com\/images\/14352598_1729045107346208_987870228422784239_o_5713a30be2da0843b98bfaedbb374319.jpg\"><img loading=\"lazy\" decoding=\"async\" title=\"14352598_1729045107346208_987870228422784239_o\" style=\"border-top: 0px; border-right: 0px; background-image: none; border-bottom: 0px; float: left; padding-top: 0px; padding-left: 0px; margin: 5px 5px 0px 0px; border-left: 0px; display: inline; padding-right: 0px\" border=\"0\" alt=\"14352598_1729045107346208_987870228422784239_o\" src=\"http:\/\/www.saloanoticias.com\/v1\/wp-content\/uploads\/imagens\/14352598_1729045107346208_987870228422784239_o_thumb_38c778a5620fa7a92d28a50b65d0a99f.jpg\" width=\"267\" align=\"left\" height=\"240\"><\/a>O conselheiro tutelar do munic\u00edpio de Salo\u00e1, Jorge Pociano de Lima, mais conhecido por Jorginho do Galeto, que foi eleito na \u00faltima elei\u00e7\u00e3o com 736 votos renunciou ao seu cargo na manh\u00e3 desta ter\u00e7a-feira, dia 13 de setembro de 2016. Ele fez o comunicado oficial ao CMDCA (Conselho Municipal dos Direitos da Crian\u00e7a e dos Adolescentes) e entregou o mandato de conselheiro que foi eleito democraticamente. Os motivos ainda n\u00e3o foram divulgados ou explicitados por Jorginho.<\/font><\/p>\n<p align=\"justify\"><font size=\"3\" face=\"Arial\">A vaga agora ficou a disposi\u00e7\u00e3o da primeira suplente Vandel\u00facia Pereira que obteve 658 votos. Jorginho do Galeto \u00e9 candidato a vereador nestas elei\u00e7\u00f5es de 2016 pela \u201cColiga\u00e7\u00e3o Juntos Somos Mais Fortes\u201d. <strong><font size=\"2\">Com informa\u00e7\u00f5es do Blog Agreste Mix<\/font><\/strong><\/font><\/p>\n<div style=\"margin-top: 0px; margin-bottom: 0px;\" class=\"sharethis-inline-share-buttons\" ><\/div>","protected":false},"excerpt":{"rendered":"<p>O conselheiro tutelar do munic\u00edpio de Salo\u00e1, Jorge Pociano de Lima, mais conhecido por Jorginho do Galeto, que foi eleito na \u00faltima elei\u00e7\u00e3o com 736 votos renunciou ao seu cargo na manh\u00e3 desta ter\u00e7a-feira, dia 13 de setembro de 2016. Ele fez o comunicado oficial ao CMDCA (Conselho Municipal dos Direitos da Crian\u00e7a e dos [&hellip;]<\/p>\n","protected":false},"author":1,"featured_media":0,"comment_status":"open","ping_status":"open","sticky":false,"template":"","format":"standard","meta":{"footnotes":""},"categories":[2],"tags":[],"class_list":["post-2891","post","type-post","status-publish","format-standard","hentry","category-noticias-do-dia"],"_links":{"self":[{"href":"https:\/\/www.saloanoticias.com\/v1\/wp-json\/wp\/v2\/posts\/2891","targetHints":{"allow":["GET"]}}],"collection":[{"href":"https:\/\/www.saloanoticias.com\/v1\/wp-json\/wp\/v2\/posts"}],"about":[{"href":"https:\/\/www.saloanoticias.com\/v1\/wp-json\/wp\/v2\/types\/post"}],"author":[{"embeddable":true,"href":"https:\/\/www.saloanoticias.com\/v1\/wp-json\/wp\/v2\/users\/1"}],"replies":[{"embeddable":true,"href":"https:\/\/www.saloanoticias.com\/v1\/wp-json\/wp\/v2\/comments?post=2891"}],"version-history":[{"count":0,"href":"https:\/\/www.saloanoticias.com\/v1\/wp-json\/wp\/v2\/posts\/2891\/revisions"}],"wp:attachment":[{"href":"https:\/\/www.saloanoticias.com\/v1\/wp-json\/wp\/v2\/media?parent=2891"}],"wp:term":[{"taxonomy":"category","embeddable":true,"href":"https:\/\/www.saloanoticias.com\/v1\/wp-json\/wp\/v2\/categories?post=2891"},{"taxonomy":"post_tag","embeddable":true,"href":"https:\/\/www.saloanoticias.com\/v1\/wp-json\/wp\/v2\/tags?post=2891"}],"curies":[{"name":"wp","href":"https:\/\/api.w.org\/{rel}","templated":true}]}}