{"id":2890,"date":"2016-09-13T01:00:00","date_gmt":"2016-09-13T01:00:00","guid":{"rendered":"https:\/\/saloanoticias.mrmediaweb.com\/v1\/2016\/09\/13\/varzea-da-serra-foi-palco-do-maior-comicio-de-saloa\/"},"modified":"2016-09-13T01:00:00","modified_gmt":"2016-09-13T01:00:00","slug":"varzea-da-serra-foi-palco-do-maior-comicio-de-saloa","status":"publish","type":"post","link":"https:\/\/www.saloanoticias.com\/v1\/varzea-da-serra-foi-palco-do-maior-comicio-de-saloa\/","title":{"rendered":"\u201cRICARDO\u201d REALIZA A MAIOR CARREATA DA HIST\u00d3RIA DE SALO\u00c1"},"content":{"rendered":"<p align=\"justify\"><font size=\"3\" face=\"Arial\"><a href=\"http:\/\/www.saloanoticias.com\/images\/14040175_624943347667798_8514395372883999960_n_15ed3b1a35aea9bcddabbba2bb81f610.jpg\"><img loading=\"lazy\" decoding=\"async\" title=\"14040175_624943347667798_8514395372883999960_n\" style=\"border-top: 0px; border-right: 0px; background-image: none; border-bottom: 0px; float: none; padding-top: 0px; padding-left: 0px; margin: 0px auto 10px; border-left: 0px; display: block; padding-right: 0px\" border=\"0\" alt=\"14040175_624943347667798_8514395372883999960_n\" src=\"http:\/\/www.saloanoticias.com\/v1\/wp-content\/uploads\/imagens\/14040175_624943347667798_8514395372883999960_n_thumb_ff079b6d9de15ab096f501b98698b48e.jpg\" width=\"1433\" height=\"949\"><\/a>A Coliga\u00e7\u00e3o Caf\u00e9 com Leite realizou na tarde do \u00faltimo domingo (11), a maior concentra\u00e7\u00e3o pol\u00edtica j\u00e1 realizada na zona rural do munic\u00edpio, e reuniu mais de 7.000 pessoas no campo do s\u00edtio V\u00e1rzea da Serra. Diversas carreatas vindas das comunidades superlotaram os espa\u00e7os com carros, motos e gente que n\u00e3o se contava mais. Os correligion\u00e1rios cantavam e gritavam o nome de Ricardo e Socorro do Leite. Muitos deles afirmavam que neste evento, ficou provada a superioridade num\u00e9rica de pessoas em rela\u00e7\u00e3o a \u201cColiga\u00e7\u00e3o Juntos Somos Mais Fortes\u201d.<\/font><\/p>\n<p align=\"justify\"><a href=\"http:\/\/www.saloanoticias.com\/images\/salo-notcias_4dc862dce27ed319473c69ab4898dbcb.jpg\"><img loading=\"lazy\" decoding=\"async\" title=\"Salo&aacute; not&iacute;cias\" style=\"border-top: 0px; border-right: 0px; background-image: none; border-bottom: 0px; float: none; padding-top: 0px; padding-left: 0px; margin-left: auto; border-left: 0px; display: block; padding-right: 0px; margin-right: auto\" border=\"0\" alt=\"Salo&aacute; not&iacute;cias\" src=\"http:\/\/www.saloanoticias.com\/v1\/wp-content\/uploads\/imagens\/salo-notcias_thumb_c2663bedfbe7a92ada1ebc315f311802.jpg\" width=\"1437\" height=\"1078\"><\/a><\/p>\n<p align=\"justify\"><font size=\"3\" face=\"Arial\">Depois de chagadas todas as carreatas foi a vez dos candidatos discursarem para o grande p\u00fablico. Os candidatos a vereadores falaram e em seguida foi a vez de Ricardo Alves, que agradeceu a presen\u00e7a de todos e falou das suas diversas obras no munic\u00edpio, principalmente as \u00e1guas que chegam pelas adutoras em v\u00e1rias localidades, inclusive na V\u00e1rzea da Serra e Pau Santo. Destacou ainda a pareceria com a fam\u00edlia do Leite, que apesar das dificuldades da perda de seu filho, Z\u00e9 Ant\u00f4nio, n\u00e3o foge a luta. Outras presen\u00e7as importantes no com\u00edcio foram as de Danilo Pereira e Rivaldo Alves que estiveram a todo momento ao lado de Ricardo e Socorro do Leite.<\/font><\/p>\n<p align=\"justify\"><font size=\"3\" face=\"Arial\"><a href=\"http:\/\/www.saloanoticias.com\/images\/fullsizerender_421d61c3685c953f932d3f4fa57340e1.jpg\"><img loading=\"lazy\" decoding=\"async\" title=\"FullSizeRender\" style=\"border-top: 0px; border-right: 0px; background-image: none; border-bottom: 0px; float: none; padding-top: 0px; padding-left: 0px; margin-left: auto; border-left: 0px; display: block; padding-right: 0px; margin-right: auto\" border=\"0\" alt=\"FullSizeRender\" src=\"http:\/\/www.saloanoticias.com\/v1\/wp-content\/uploads\/imagens\/fullsizerender_thumb_8b048f4469b2b0e9aa49098c2dbf2c29.jpg\" width=\"1437\" height=\"953\"><\/a><\/font><\/p>\n<p align=\"justify\"><font size=\"3\" face=\"Arial\">No final, todos os presentes seguiram em carreata com destino \u00e0 Salo\u00e1. <\/font><font size=\"3\" face=\"Arial\">Segundo a coordena\u00e7\u00e3o da Coliga\u00e7\u00e3o Caf\u00e9 com Leite, eram mais de 400 carros e 820 motocicletas que n\u00e3o paravam de chegar nas ruas da cidade, calculando ainda, mais de 7.000 pessoas na pra\u00e7a S\u00e3o Vicente. Acredita-se que este foi o maior com\u00edcio da hist\u00f3ria do munic\u00edpio, maior at\u00e9 mesmo do que os com\u00edcios que foram realizados no ano de 2012, quando se formou a uni\u00e3o do Grupo Caf\u00e9 com Leite. Fotos: Bruno Alison<\/font><\/p>\n<p align=\"justify\"><a href=\"http:\/\/www.saloanoticias.com\/images\/14324500_1729045027346216_3354821526299429689_o.jpg\"><img loading=\"lazy\" decoding=\"async\" title=\"14324500_1729045027346216_3354821526299429689_o\" style=\"border-top: 0px; border-right: 0px; background-image: none; border-bottom: 0px; float: none; padding-top: 0px; padding-left: 0px; margin-left: auto; border-left: 0px; display: block; padding-right: 0px; margin-right: auto\" border=\"0\" alt=\"14324500_1729045027346216_3354821526299429689_o\" src=\"http:\/\/www.saloanoticias.com\/v1\/wp-content\/uploads\/imagens\/14324500_1729045027346216_3354821526299429689_o_thumb.jpg\" width=\"1446\" height=\"958\"><\/a><\/p>\n<p><a href=\"http:\/\/www.saloanoticias.com\/images\/img_0290_712ed32a23dd9e01bd05a3651eb62e39.jpg\"><img loading=\"lazy\" decoding=\"async\" title=\"IMG_0290\" style=\"border-top: 0px; border-right: 0px; background-image: none; border-bottom: 0px; float: none; padding-top: 0px; padding-left: 0px; margin-left: auto; border-left: 0px; display: block; padding-right: 0px; margin-right: auto\" border=\"0\" alt=\"IMG_0290\" src=\"http:\/\/www.saloanoticias.com\/v1\/wp-content\/uploads\/imagens\/img_0290_thumb_ce50bf4c74ae34aaa6ff638997c98246.jpg\" width=\"1448\" height=\"960\"><\/a><\/p>\n<p><a href=\"http:\/\/www.saloanoticias.com\/images\/14352598_1729045107346208_987870228422784239_o.jpg\"><img loading=\"lazy\" decoding=\"async\" title=\"14352598_1729045107346208_987870228422784239_o\" style=\"border-top: 0px; border-right: 0px; background-image: none; border-bottom: 0px; float: none; padding-top: 0px; padding-left: 0px; margin-left: auto; border-left: 0px; display: block; padding-right: 0px; margin-right: auto\" border=\"0\" alt=\"14352598_1729045107346208_987870228422784239_o\" src=\"http:\/\/www.saloanoticias.com\/v1\/wp-content\/uploads\/imagens\/14352598_1729045107346208_987870228422784239_o_thumb.jpg\" width=\"1447\" height=\"959\"><\/a><\/p>\n<div style=\"margin-top: 0px; margin-bottom: 0px;\" class=\"sharethis-inline-share-buttons\" ><\/div>","protected":false},"excerpt":{"rendered":"<p>A Coliga\u00e7\u00e3o Caf\u00e9 com Leite realizou na tarde do \u00faltimo domingo (11), a maior concentra\u00e7\u00e3o pol\u00edtica j\u00e1 realizada na zona rural do munic\u00edpio, e reuniu mais de 7.000 pessoas no campo do s\u00edtio V\u00e1rzea da Serra. Diversas carreatas vindas das comunidades superlotaram os espa\u00e7os com carros, motos e gente que n\u00e3o se contava mais. Os [&hellip;]<\/p>\n","protected":false},"author":1,"featured_media":0,"comment_status":"open","ping_status":"open","sticky":false,"template":"","format":"standard","meta":{"footnotes":""},"categories":[2],"tags":[],"class_list":["post-2890","post","type-post","status-publish","format-standard","hentry","category-noticias-do-dia"],"_links":{"self":[{"href":"https:\/\/www.saloanoticias.com\/v1\/wp-json\/wp\/v2\/posts\/2890","targetHints":{"allow":["GET"]}}],"collection":[{"href":"https:\/\/www.saloanoticias.com\/v1\/wp-json\/wp\/v2\/posts"}],"about":[{"href":"https:\/\/www.saloanoticias.com\/v1\/wp-json\/wp\/v2\/types\/post"}],"author":[{"embeddable":true,"href":"https:\/\/www.saloanoticias.com\/v1\/wp-json\/wp\/v2\/users\/1"}],"replies":[{"embeddable":true,"href":"https:\/\/www.saloanoticias.com\/v1\/wp-json\/wp\/v2\/comments?post=2890"}],"version-history":[{"count":0,"href":"https:\/\/www.saloanoticias.com\/v1\/wp-json\/wp\/v2\/posts\/2890\/revisions"}],"wp:attachment":[{"href":"https:\/\/www.saloanoticias.com\/v1\/wp-json\/wp\/v2\/media?parent=2890"}],"wp:term":[{"taxonomy":"category","embeddable":true,"href":"https:\/\/www.saloanoticias.com\/v1\/wp-json\/wp\/v2\/categories?post=2890"},{"taxonomy":"post_tag","embeddable":true,"href":"https:\/\/www.saloanoticias.com\/v1\/wp-json\/wp\/v2\/tags?post=2890"}],"curies":[{"name":"wp","href":"https:\/\/api.w.org\/{rel}","templated":true}]}}