{"id":2889,"date":"2016-09-12T12:00:00","date_gmt":"2016-09-12T12:00:00","guid":{"rendered":"https:\/\/saloanoticias.mrmediaweb.com\/v1\/2016\/09\/12\/nenem-de-mirtes-sofre-acidente-mas-passa-bem\/"},"modified":"2016-09-12T12:00:00","modified_gmt":"2016-09-12T12:00:00","slug":"nenem-de-mirtes-sofre-acidente-mas-passa-bem","status":"publish","type":"post","link":"https:\/\/www.saloanoticias.com\/v1\/nenem-de-mirtes-sofre-acidente-mas-passa-bem\/","title":{"rendered":"\u201cNEN\u00c9M DE MIRTES\u201d SOFREU ACIDENTE MAS PASSA BEM"},"content":{"rendered":"<p align=\"justify\"><font size=\"3\" face=\"Arial\"><a href=\"http:\/\/www.saloanoticias.com\/images\/14040175_624943347667798_8514395372883999960_n_711377aa028a0d2fb00e6d018c19d09a.jpg\"><img loading=\"lazy\" decoding=\"async\" title=\"14040175_624943347667798_8514395372883999960_n\" style=\"border-top: 0px; border-right: 0px; background-image: none; border-bottom: 0px; float: left; padding-top: 0px; padding-left: 0px; margin: 5px 5px 0px 0px; border-left: 0px; display: inline; padding-right: 0px\" border=\"0\" alt=\"14040175_624943347667798_8514395372883999960_n\" src=\"http:\/\/www.saloanoticias.com\/v1\/wp-content\/uploads\/imagens\/14040175_624943347667798_8514395372883999960_n_thumb_77cb7ec4becd49f9bbd50b25bce23f8c.jpg\" width=\"252\" align=\"left\" height=\"240\"><\/a>O jovem saloaense conhecido por Nen\u00e9m de Mirtes, irm\u00e3o de Ana e Mirtinha, foi v\u00edtima de um grave acidente de moto na manh\u00e3 do \u00faltimo s\u00e1bado na cidade de Venturosa\/PE. Pelas informa\u00e7\u00f5es compartilhadas pelas redes sociais, ele foi encontrado desacordado perto de sua motocicleta e com s\u00e9rias les\u00f5es na perna. Ele foi encaminhado para o hospital de Venturosa e depois transferido para a capital do Estado, mas gra\u00e7as a Deus passa bem.<\/font><\/p>\n<p align=\"justify\"><font size=\"3\" face=\"Arial\">Depois do acidente houve muita especula\u00e7\u00e3o sobre o estado de sa\u00fade de Nen\u00e9m, mas sua irm\u00e3 Ana Mirtes fez quest\u00e3o de tranquilizar a todos informando que a situa\u00e7\u00e3o estava sob controle. Na foto, Nen\u00e9m e sua esposa Patr\u00edcia. Foto do Facebook.<\/font><\/p>\n<div style=\"margin-top: 0px; margin-bottom: 0px;\" class=\"sharethis-inline-share-buttons\" ><\/div>","protected":false},"excerpt":{"rendered":"<p>O jovem saloaense conhecido por Nen\u00e9m de Mirtes, irm\u00e3o de Ana e Mirtinha, foi v\u00edtima de um grave acidente de moto na manh\u00e3 do \u00faltimo s\u00e1bado na cidade de Venturosa\/PE. Pelas informa\u00e7\u00f5es compartilhadas pelas redes sociais, ele foi encontrado desacordado perto de sua motocicleta e com s\u00e9rias les\u00f5es na perna. Ele foi encaminhado para o [&hellip;]<\/p>\n","protected":false},"author":1,"featured_media":0,"comment_status":"open","ping_status":"open","sticky":false,"template":"","format":"standard","meta":{"footnotes":""},"categories":[2],"tags":[],"class_list":["post-2889","post","type-post","status-publish","format-standard","hentry","category-noticias-do-dia"],"_links":{"self":[{"href":"https:\/\/www.saloanoticias.com\/v1\/wp-json\/wp\/v2\/posts\/2889","targetHints":{"allow":["GET"]}}],"collection":[{"href":"https:\/\/www.saloanoticias.com\/v1\/wp-json\/wp\/v2\/posts"}],"about":[{"href":"https:\/\/www.saloanoticias.com\/v1\/wp-json\/wp\/v2\/types\/post"}],"author":[{"embeddable":true,"href":"https:\/\/www.saloanoticias.com\/v1\/wp-json\/wp\/v2\/users\/1"}],"replies":[{"embeddable":true,"href":"https:\/\/www.saloanoticias.com\/v1\/wp-json\/wp\/v2\/comments?post=2889"}],"version-history":[{"count":0,"href":"https:\/\/www.saloanoticias.com\/v1\/wp-json\/wp\/v2\/posts\/2889\/revisions"}],"wp:attachment":[{"href":"https:\/\/www.saloanoticias.com\/v1\/wp-json\/wp\/v2\/media?parent=2889"}],"wp:term":[{"taxonomy":"category","embeddable":true,"href":"https:\/\/www.saloanoticias.com\/v1\/wp-json\/wp\/v2\/categories?post=2889"},{"taxonomy":"post_tag","embeddable":true,"href":"https:\/\/www.saloanoticias.com\/v1\/wp-json\/wp\/v2\/tags?post=2889"}],"curies":[{"name":"wp","href":"https:\/\/api.w.org\/{rel}","templated":true}]}}