{"id":2888,"date":"2016-09-11T02:00:00","date_gmt":"2016-09-11T02:00:00","guid":{"rendered":"https:\/\/saloanoticias.mrmediaweb.com\/v1\/2016\/09\/11\/filha-de-sandoval-assume-lugar-do-pai-na-disputa-da-prefeitura-de-brejao\/"},"modified":"2016-09-11T02:00:00","modified_gmt":"2016-09-11T02:00:00","slug":"filha-de-sandoval-assume-lugar-do-pai-na-disputa-da-prefeitura-de-brejao","status":"publish","type":"post","link":"https:\/\/www.saloanoticias.com\/v1\/filha-de-sandoval-assume-lugar-do-pai-na-disputa-da-prefeitura-de-brejao\/","title":{"rendered":"FILHA DE SANDOVAL ASSUME LUGAR DO PAI NA DISPUTA PELA PREFEITURA DE BREJ\u00c3O"},"content":{"rendered":"<p align=\"justify\"><font size=\"3\" face=\"Arial\"><a href=\"http:\/\/www.saloanoticias.com\/images\/14040175_624943347667798_8514395372883999960_n_1e876e38912287b2ce68a9a4313c1e23.jpg\"><img loading=\"lazy\" decoding=\"async\" title=\"14040175_624943347667798_8514395372883999960_n\" style=\"border-top: 0px; border-right: 0px; background-image: none; border-bottom: 0px; float: left; padding-top: 0px; padding-left: 0px; margin: 5px 5px 0px 0px; border-left: 0px; display: inline; padding-right: 0px\" border=\"0\" alt=\"14040175_624943347667798_8514395372883999960_n\" src=\"http:\/\/www.saloanoticias.com\/v1\/wp-content\/uploads\/imagens\/14040175_624943347667798_8514395372883999960_n_thumb_8bcf8d5843bec5b801f59818bd6cf050.jpg\" width=\"209\" align=\"left\" height=\"219\"><\/a>Com a impugna\u00e7\u00e3o e depois a ren\u00fancia de Sandoval Cadengue como candidato a prefeito de Brej\u00e3o, o PSB do munic\u00edpio resolveu colocar na disputa eleitoral o nome da dentista, formada na Faculdade de Odontologia de Caruaru, Elisabeth Barros de Santana. <\/font><font size=\"3\" face=\"Arial\">Ela \u00e9 filha de Sandoval e foi indicada pelo pai. Este final de semana mesmo come\u00e7a a campanha, tendo como vice o ex-prefeito Joseraldo. <\/font><font size=\"3\" face=\"Arial\">O PTB, que n\u00e3o teve problemas com a justi\u00e7a, tem como candidato o empres\u00e1rio Janduy Bezerra, acompanhado na chapa pelo professor Paulo Moraes.<\/font> <\/p>\n<p align=\"justify\"><font size=\"3\" face=\"Arial\">Resta saber se o ex-prefeito conseguir\u00e1 transferir sua vota\u00e7\u00e3o para a filha, numa disputa que j\u00e1 era apontada como das mais duras na regi\u00e3o. <\/font><font size=\"3\" face=\"Arial\">A nova candidata \u00e9 conhecida na cidade como Beta Cadengue, por conta do sobrenome do pai. <strong><font size=\"2\">Fonte: Blog do Roberto Almeida<\/font><\/strong><\/font><\/p>\n<div style=\"margin-top: 0px; margin-bottom: 0px;\" class=\"sharethis-inline-share-buttons\" ><\/div>","protected":false},"excerpt":{"rendered":"<p>Com a impugna\u00e7\u00e3o e depois a ren\u00fancia de Sandoval Cadengue como candidato a prefeito de Brej\u00e3o, o PSB do munic\u00edpio resolveu colocar na disputa eleitoral o nome da dentista, formada na Faculdade de Odontologia de Caruaru, Elisabeth Barros de Santana. Ela \u00e9 filha de Sandoval e foi indicada pelo pai. Este final de semana mesmo [&hellip;]<\/p>\n","protected":false},"author":1,"featured_media":0,"comment_status":"open","ping_status":"open","sticky":false,"template":"","format":"standard","meta":{"footnotes":""},"categories":[2],"tags":[],"class_list":["post-2888","post","type-post","status-publish","format-standard","hentry","category-noticias-do-dia"],"_links":{"self":[{"href":"https:\/\/www.saloanoticias.com\/v1\/wp-json\/wp\/v2\/posts\/2888","targetHints":{"allow":["GET"]}}],"collection":[{"href":"https:\/\/www.saloanoticias.com\/v1\/wp-json\/wp\/v2\/posts"}],"about":[{"href":"https:\/\/www.saloanoticias.com\/v1\/wp-json\/wp\/v2\/types\/post"}],"author":[{"embeddable":true,"href":"https:\/\/www.saloanoticias.com\/v1\/wp-json\/wp\/v2\/users\/1"}],"replies":[{"embeddable":true,"href":"https:\/\/www.saloanoticias.com\/v1\/wp-json\/wp\/v2\/comments?post=2888"}],"version-history":[{"count":0,"href":"https:\/\/www.saloanoticias.com\/v1\/wp-json\/wp\/v2\/posts\/2888\/revisions"}],"wp:attachment":[{"href":"https:\/\/www.saloanoticias.com\/v1\/wp-json\/wp\/v2\/media?parent=2888"}],"wp:term":[{"taxonomy":"category","embeddable":true,"href":"https:\/\/www.saloanoticias.com\/v1\/wp-json\/wp\/v2\/categories?post=2888"},{"taxonomy":"post_tag","embeddable":true,"href":"https:\/\/www.saloanoticias.com\/v1\/wp-json\/wp\/v2\/tags?post=2888"}],"curies":[{"name":"wp","href":"https:\/\/api.w.org\/{rel}","templated":true}]}}