{"id":28875,"date":"2025-06-30T13:47:55","date_gmt":"2025-06-30T16:47:55","guid":{"rendered":"https:\/\/www.saloanoticias.com\/v1\/?p=28875"},"modified":"2025-06-30T14:04:00","modified_gmt":"2025-06-30T17:04:00","slug":"saloa-realizou-a-2a-conferencia-municipal-da-pessoa-idosa","status":"publish","type":"post","link":"https:\/\/www.saloanoticias.com\/v1\/saloa-realizou-a-2a-conferencia-municipal-da-pessoa-idosa\/","title":{"rendered":"Salo\u00e1 realizou a 2\u00aa Confer\u00eancia Municipal da Pessoa Idosa"},"content":{"rendered":"\n<p>A cidade de Salo\u00e1\/PE realizou, no \u00faltimo dia 25 de junho, a 2\u00aa Confer\u00eancia Municipal dos Direitos da Pessoa Idosa, um importante momento de escuta, reflex\u00e3o e constru\u00e7\u00e3o coletiva de pol\u00edticas p\u00fablicas voltadas para a popula\u00e7\u00e3o idosa.<\/p>\n\n\n<div class=\"wp-block-image\">\n<figure class=\"aligncenter size-large\"><img loading=\"lazy\" decoding=\"async\" width=\"1024\" height=\"678\" src=\"https:\/\/www.saloanoticias.com\/v1\/wp-content\/uploads\/2025\/06\/IMG_7155-1024x678.jpeg\" alt=\"\" class=\"wp-image-28878\" srcset=\"https:\/\/www.saloanoticias.com\/v1\/wp-content\/uploads\/2025\/06\/IMG_7155-1024x678.jpeg 1024w, https:\/\/www.saloanoticias.com\/v1\/wp-content\/uploads\/2025\/06\/IMG_7155-300x199.jpeg 300w, https:\/\/www.saloanoticias.com\/v1\/wp-content\/uploads\/2025\/06\/IMG_7155-768x509.jpeg 768w, https:\/\/www.saloanoticias.com\/v1\/wp-content\/uploads\/2025\/06\/IMG_7155-1536x1017.jpeg 1536w, https:\/\/www.saloanoticias.com\/v1\/wp-content\/uploads\/2025\/06\/IMG_7155-2048x1356.jpeg 2048w\" sizes=\"auto, (max-width: 1024px) 100vw, 1024px\" \/><\/figure>\n<\/div>\n\n\n<p>O evento aconteceu nas depend\u00eancias do Centro de Conviv\u00eancia de Idosos (CCI) e reuniu representantes do poder p\u00fablico, da sociedade civil e, principalmente, pessoas idosas do munic\u00edpio. Com o tema <strong>\u201cEnvelhecimento Multicultural e Democracia: Urg\u00eancia por Equidade, Direitos e Participa\u00e7\u00e3o\u201d<\/strong>, a confer\u00eancia teve como objetivo central discutir os desafios e propor a\u00e7\u00f5es que garantam mais dignidade, inclus\u00e3o e respeito \u00e0 pessoa idosa em todas as suas diversidades.<\/p>\n\n\n<div class=\"wp-block-image\">\n<figure class=\"aligncenter size-large\"><img loading=\"lazy\" decoding=\"async\" width=\"1024\" height=\"678\" src=\"https:\/\/www.saloanoticias.com\/v1\/wp-content\/uploads\/2025\/06\/IMG_7156-1024x678.jpeg\" alt=\"\" class=\"wp-image-28880\" srcset=\"https:\/\/www.saloanoticias.com\/v1\/wp-content\/uploads\/2025\/06\/IMG_7156-1024x678.jpeg 1024w, https:\/\/www.saloanoticias.com\/v1\/wp-content\/uploads\/2025\/06\/IMG_7156-300x199.jpeg 300w, https:\/\/www.saloanoticias.com\/v1\/wp-content\/uploads\/2025\/06\/IMG_7156-768x509.jpeg 768w, https:\/\/www.saloanoticias.com\/v1\/wp-content\/uploads\/2025\/06\/IMG_7156-1536x1017.jpeg 1536w, https:\/\/www.saloanoticias.com\/v1\/wp-content\/uploads\/2025\/06\/IMG_7156-2048x1356.jpeg 2048w\" sizes=\"auto, (max-width: 1024px) 100vw, 1024px\" \/><\/figure>\n<\/div>\n\n\n<p>A programa\u00e7\u00e3o contou com palestras, debates e grupos de trabalho que abordaram quest\u00f5es fundamentais como o combate ao preconceito et\u00e1rio, o acesso igualit\u00e1rio \u00e0s pol\u00edticas p\u00fablicas, a valoriza\u00e7\u00e3o cultural e o protagonismo da pessoa idosa na sociedade.<\/p>\n\n\n\n<p>Durante o encontro, tamb\u00e9m foram eleitos os delegados que representar\u00e3o Salo\u00e1 na etapa estadual da confer\u00eancia. A realiza\u00e7\u00e3o da 2\u00aa Confer\u00eancia Municipal refor\u00e7a o compromisso do munic\u00edpio com a promo\u00e7\u00e3o dos direitos e do bem-estar das pessoas idosas, reconhecendo sua import\u00e2ncia e contribui\u00e7\u00e3o para o desenvolvimento social e cultural de Salo\u00e1.<\/p>\n\n\n<div class=\"wp-block-image\">\n<figure class=\"aligncenter size-large\"><img loading=\"lazy\" decoding=\"async\" width=\"1024\" height=\"678\" src=\"https:\/\/www.saloanoticias.com\/v1\/wp-content\/uploads\/2025\/06\/IMG_7157-1024x678.jpeg\" alt=\"\" class=\"wp-image-28881\" srcset=\"https:\/\/www.saloanoticias.com\/v1\/wp-content\/uploads\/2025\/06\/IMG_7157-1024x678.jpeg 1024w, https:\/\/www.saloanoticias.com\/v1\/wp-content\/uploads\/2025\/06\/IMG_7157-300x199.jpeg 300w, https:\/\/www.saloanoticias.com\/v1\/wp-content\/uploads\/2025\/06\/IMG_7157-768x509.jpeg 768w, https:\/\/www.saloanoticias.com\/v1\/wp-content\/uploads\/2025\/06\/IMG_7157-1536x1017.jpeg 1536w, https:\/\/www.saloanoticias.com\/v1\/wp-content\/uploads\/2025\/06\/IMG_7157-2048x1356.jpeg 2048w\" sizes=\"auto, (max-width: 1024px) 100vw, 1024px\" \/><\/figure>\n<\/div><div style=\"margin-top: 0px; margin-bottom: 0px;\" class=\"sharethis-inline-share-buttons\" ><\/div>","protected":false},"excerpt":{"rendered":"<p>A cidade de Salo\u00e1\/PE realizou, no \u00faltimo dia 25 de junho, a 2\u00aa Confer\u00eancia Municipal dos Direitos da Pessoa Idosa, um importante momento de escuta, reflex\u00e3o e constru\u00e7\u00e3o coletiva de pol\u00edticas p\u00fablicas voltadas para a popula\u00e7\u00e3o idosa. O evento aconteceu nas depend\u00eancias do Centro de Conviv\u00eancia de Idosos (CCI) e reuniu representantes do poder p\u00fablico, [&hellip;]<\/p>\n","protected":false},"author":1,"featured_media":28877,"comment_status":"closed","ping_status":"closed","sticky":false,"template":"","format":"standard","meta":{"footnotes":""},"categories":[21],"tags":[22],"class_list":["post-28875","post","type-post","status-publish","format-standard","has-post-thumbnail","hentry","category-cidade","tag-destaques"],"_links":{"self":[{"href":"https:\/\/www.saloanoticias.com\/v1\/wp-json\/wp\/v2\/posts\/28875","targetHints":{"allow":["GET"]}}],"collection":[{"href":"https:\/\/www.saloanoticias.com\/v1\/wp-json\/wp\/v2\/posts"}],"about":[{"href":"https:\/\/www.saloanoticias.com\/v1\/wp-json\/wp\/v2\/types\/post"}],"author":[{"embeddable":true,"href":"https:\/\/www.saloanoticias.com\/v1\/wp-json\/wp\/v2\/users\/1"}],"replies":[{"embeddable":true,"href":"https:\/\/www.saloanoticias.com\/v1\/wp-json\/wp\/v2\/comments?post=28875"}],"version-history":[{"count":2,"href":"https:\/\/www.saloanoticias.com\/v1\/wp-json\/wp\/v2\/posts\/28875\/revisions"}],"predecessor-version":[{"id":28882,"href":"https:\/\/www.saloanoticias.com\/v1\/wp-json\/wp\/v2\/posts\/28875\/revisions\/28882"}],"wp:featuredmedia":[{"embeddable":true,"href":"https:\/\/www.saloanoticias.com\/v1\/wp-json\/wp\/v2\/media\/28877"}],"wp:attachment":[{"href":"https:\/\/www.saloanoticias.com\/v1\/wp-json\/wp\/v2\/media?parent=28875"}],"wp:term":[{"taxonomy":"category","embeddable":true,"href":"https:\/\/www.saloanoticias.com\/v1\/wp-json\/wp\/v2\/categories?post=28875"},{"taxonomy":"post_tag","embeddable":true,"href":"https:\/\/www.saloanoticias.com\/v1\/wp-json\/wp\/v2\/tags?post=28875"}],"curies":[{"name":"wp","href":"https:\/\/api.w.org\/{rel}","templated":true}]}}