{"id":2886,"date":"2016-09-09T16:00:00","date_gmt":"2016-09-09T16:00:00","guid":{"rendered":"https:\/\/saloanoticias.mrmediaweb.com\/v1\/2016\/09\/09\/danilo-cabral-destaca-resultado-do-ideb-de-pernambuco\/"},"modified":"2016-09-09T16:00:00","modified_gmt":"2016-09-09T16:00:00","slug":"danilo-cabral-destaca-resultado-do-ideb-de-pernambuco","status":"publish","type":"post","link":"https:\/\/www.saloanoticias.com\/v1\/danilo-cabral-destaca-resultado-do-ideb-de-pernambuco\/","title":{"rendered":"\u201cDANILO CABRAL\u201d DESTACA RESULTADO DO IDEB DE PERNAMBUCO"},"content":{"rendered":"<p align=\"justify\"><font size=\"3\" face=\"Arial\"><a href=\"http:\/\/www.saloanoticias.com\/images\/comissao-de-educao.jpg\"><img loading=\"lazy\" decoding=\"async\" title=\"Comissao de educa&ccedil;&atilde;o\" style=\"border-top: 0px; border-right: 0px; background-image: none; border-bottom: 0px; float: right; padding-top: 0px; padding-left: 0px; margin: 5px 0px 0px 5px; border-left: 0px; display: inline; padding-right: 0px\" border=\"0\" alt=\"Comissao de educa&ccedil;&atilde;o\" src=\"http:\/\/www.saloanoticias.com\/v1\/wp-content\/uploads\/imagens\/comissao-de-educao_thumb.jpg\" width=\"320\" align=\"right\" height=\"213\"><\/a>Membro da Comiss\u00e3o de Educa\u00e7\u00e3o, o deputado federal Danilo Cabral (PSB-PE) comemorou o resultado do \u00cdndice de Desenvolvimento da Educa\u00e7\u00e3o B\u00e1sica (Ideb) relativo ao ano de 2015, divulgado nesta quinta-feira (8) pelo Minist\u00e9rio da Educa\u00e7\u00e3o. Pernambuco deu um salto do quarto para o primeiro lugar, empatando com S\u00e3o Paulo, no Ensino M\u00e9dio com a nota 3.9, acima da m\u00e9dia nacional de 3.7. O Estado tamb\u00e9m atingiu as metas estabelecidas para os anos iniciais e finais do Ensino Fundamental.<\/font> <\/p>\n<p align=\"justify\"><font size=\"3\" face=\"Arial\">\u201cPernambuco tem a melhor escola p\u00fablica do Brasil, esse resultado demonstra o esfor\u00e7o e o trabalho que o Governo de Pernambuco vem fazendo desde 2007, primeiro ano do mandato de Eduardo Campos, e segue at\u00e9 hoje na gest\u00e3o de Paulo C\u00e2mara. O Pacto pela Educa\u00e7\u00e3o, nossa pol\u00edtica p\u00fablica para a \u00e1rea, tem conquistas importantes e vai continuar os avan\u00e7os para que a qualidade do nosso ensino melhore ainda mais\u201d, afirmou. O Pacto \u00e9 s\u00edmbolo do modelo de gest\u00e3o do Governo do Estado, que prev\u00ea planejamento de longo prazo com fixa\u00e7\u00e3o de metas, prazos e respons\u00e1veis pelas a\u00e7\u00f5es.<\/font> <\/p>\n<p align=\"justify\"><font size=\"3\" face=\"Arial\">Danilo foi secret\u00e1rio da Educa\u00e7\u00e3o no primeiro Governo Eduardo, quando a transforma\u00e7\u00e3o na educa\u00e7\u00e3o do Estado teve in\u00edcio. Na primeira avalia\u00e7\u00e3o do Ideb relativa ao ano de 2007 e divulgada em 2008, Pernambuco ocupava o 21\u00ba lugar do Pa\u00eds. A amplia\u00e7\u00e3o dos investimentos, com crescimento real do or\u00e7amento destinado \u00e0 Educa\u00e7\u00e3o, a valoriza\u00e7\u00e3o dos profissionais da \u00e1rea, o crescimento das redes de escolas de tempo integral e t\u00e9cnica, a cria\u00e7\u00e3o de programas inovadores, como o Ganhe o Mundo, s\u00e3o alguns dos exemplos das a\u00e7\u00f5es que v\u00eam sendo realizadas nos \u00faltimos anos e que s\u00e3o refletidas no Ideb.<\/font> <\/p>\n<p align=\"justify\"><font size=\"3\" face=\"Arial\">\u201cTenho muito orgulho de participar dessa hist\u00f3ria, porque s\u00f3 \u00e9 poss\u00edvel garantir o desenvolvimento nacional se reduzirmos as desigualdades sociais e regionais e isso s\u00f3 \u00e9 poss\u00edvel quando ofertamos uma educa\u00e7\u00e3o de qualidade\u201d, destacou Danilo. <\/font><font size=\"3\" face=\"Arial\">No in\u00edcio deste m\u00eas, o parlamentar apresentou um requerimento com pedido de informa\u00e7\u00e3o no MEC, cobrando a divulga\u00e7\u00e3o do resultado do Ideb. Ele ressaltou, na ocasi\u00e3o, que os n\u00fameros da avalia\u00e7\u00e3o s\u00e3o importantes para que os estados e munic\u00edpios avaliem suas pol\u00edticas educacionais.<\/font> <\/p>\n<p align=\"justify\"><font size=\"3\" face=\"Arial\">\u201cE tamb\u00e9m para que a popula\u00e7\u00e3o, nesse per\u00edodo eleitoral, possa aferir se a pol\u00edtica adotada no \u00e2mbito da educa\u00e7\u00e3o por cada prefeito que est\u00e1 concluindo o mandato teve um resultado objetivo\u201d, disse.<\/font><\/p>\n<div style=\"margin-top: 0px; margin-bottom: 0px;\" class=\"sharethis-inline-share-buttons\" ><\/div>","protected":false},"excerpt":{"rendered":"<p>Membro da Comiss\u00e3o de Educa\u00e7\u00e3o, o deputado federal Danilo Cabral (PSB-PE) comemorou o resultado do \u00cdndice de Desenvolvimento da Educa\u00e7\u00e3o B\u00e1sica (Ideb) relativo ao ano de 2015, divulgado nesta quinta-feira (8) pelo Minist\u00e9rio da Educa\u00e7\u00e3o. Pernambuco deu um salto do quarto para o primeiro lugar, empatando com S\u00e3o Paulo, no Ensino M\u00e9dio com a nota [&hellip;]<\/p>\n","protected":false},"author":1,"featured_media":0,"comment_status":"open","ping_status":"open","sticky":false,"template":"","format":"standard","meta":{"footnotes":""},"categories":[2],"tags":[],"class_list":["post-2886","post","type-post","status-publish","format-standard","hentry","category-noticias-do-dia"],"_links":{"self":[{"href":"https:\/\/www.saloanoticias.com\/v1\/wp-json\/wp\/v2\/posts\/2886","targetHints":{"allow":["GET"]}}],"collection":[{"href":"https:\/\/www.saloanoticias.com\/v1\/wp-json\/wp\/v2\/posts"}],"about":[{"href":"https:\/\/www.saloanoticias.com\/v1\/wp-json\/wp\/v2\/types\/post"}],"author":[{"embeddable":true,"href":"https:\/\/www.saloanoticias.com\/v1\/wp-json\/wp\/v2\/users\/1"}],"replies":[{"embeddable":true,"href":"https:\/\/www.saloanoticias.com\/v1\/wp-json\/wp\/v2\/comments?post=2886"}],"version-history":[{"count":0,"href":"https:\/\/www.saloanoticias.com\/v1\/wp-json\/wp\/v2\/posts\/2886\/revisions"}],"wp:attachment":[{"href":"https:\/\/www.saloanoticias.com\/v1\/wp-json\/wp\/v2\/media?parent=2886"}],"wp:term":[{"taxonomy":"category","embeddable":true,"href":"https:\/\/www.saloanoticias.com\/v1\/wp-json\/wp\/v2\/categories?post=2886"},{"taxonomy":"post_tag","embeddable":true,"href":"https:\/\/www.saloanoticias.com\/v1\/wp-json\/wp\/v2\/tags?post=2886"}],"curies":[{"name":"wp","href":"https:\/\/api.w.org\/{rel}","templated":true}]}}