{"id":2885,"date":"2016-09-09T12:00:00","date_gmt":"2016-09-09T12:00:00","guid":{"rendered":"https:\/\/saloanoticias.mrmediaweb.com\/v1\/2016\/09\/09\/pernambuco-e-o-melhor-do-brasil-no-ideb\/"},"modified":"2016-09-09T12:00:00","modified_gmt":"2016-09-09T12:00:00","slug":"pernambuco-e-o-melhor-do-brasil-no-ideb","status":"publish","type":"post","link":"https:\/\/www.saloanoticias.com\/v1\/pernambuco-e-o-melhor-do-brasil-no-ideb\/","title":{"rendered":"\u201cPERNAMBUCO \u00c9 O ESTADO\u201d COM O MELHOR \u00cdNDICE NO IDEB EM TODO O BRASIL"},"content":{"rendered":"<p align=\"justify\"><font size=\"3\" face=\"Arial\"><a href=\"http:\/\/www.saloanoticias.com\/images\/paulo-camara-1_384b5ceba3f0e7ffddf6dd8c112c1812.jpg\"><img loading=\"lazy\" decoding=\"async\" title=\"Paulo Camara 1\" style=\"border-top: 0px; border-right: 0px; background-image: none; border-bottom: 0px; float: left; padding-top: 0px; padding-left: 0px; margin: 5px 5px 0px 0px; border-left: 0px; display: inline; padding-right: 0px\" border=\"0\" alt=\"Paulo Camara 1\" src=\"http:\/\/www.saloanoticias.com\/v1\/wp-content\/uploads\/imagens\/paulo-camara-1_thumb_db2496a24ec3264a4ad5fe9537cbe9c3.jpg\" width=\"276\" align=\"left\" height=\"239\"><\/a>Pernambuco foi um dos dois \u00fanicos estados a cumprir as metas educacionais para os anos iniciais e finais do Ensino Fundamental e todo o Ensino M\u00e9dio e foi destaque no ranking nacional no \u00cdndice de Desenvolvimento da Educa\u00e7\u00e3o B\u00e1sica (Ideb), relativo ao ano de 2015. A outra unidade federativa foi o Amazonas. Vinte redes estaduais, das 27 unidades da federa\u00e7\u00e3o, tiveram desempenho melhor no Ideb. <\/font><font size=\"3\" face=\"Arial\">Os dados foram divulgados na manh\u00e3 desta quinta-feira (8) pelo Ministro da Educa\u00e7\u00e3o Mendon\u00e7a Filho durante coletiva.<\/font> <\/p>\n<p align=\"justify\"><font size=\"3\" face=\"Arial\">O \u00faltimo \u00edndice, divulgado em 2014 em refer\u00eancia a 2013, mostrava o estado em 4\u00ba lugar, com \u00edndice de 3,6. Em 2015, o \u00edndice subiu para 3,9. <\/font><font size=\"3\" face=\"Arial\">O Estado de S\u00e3o Paulo subiu em 2015 e alcan\u00e7ou a maior m\u00e9dia do Ideb, com 3,9. Apesar disso, a rede ainda fica abaixo da sua meta no indicador, que \u00e9 de 4,2. Pernambuco aparece com o segundo melhor Ideb do pa\u00eds no ensino m\u00e9dio, com 3,9. Al\u00e9m disso, conseguiu ultrapassar sua meta (que \u00e9 de 3,6).<\/font> <\/p>\n<p align=\"justify\"><font size=\"3\" face=\"Arial\">O Amazonas subiu de 3 para 3,5, com o 8\u00ba melhor Ideb do pa\u00eds. Tamb\u00e9m bateu a meta, que era de 3,1. Os \u00edndices referem-se \u00e0s redes estaduais, que concentram a maior parte das matr\u00edculas na etapa. <\/font><font size=\"3\" face=\"Arial\">O avan\u00e7o da etapa no indicador ocorreu apesar de o desempenho do ensino m\u00e9dio em matem\u00e1tica ser o pior desde 2005 na prova de avalia\u00e7\u00e3o, o Saeb. <\/font><font size=\"3\" face=\"Arial\">No Ideb de 2013, apenas nove Estados haviam conseguido subir no Ideb. Ainda sim, cinco Estados estavam dentro das metas. Os cinco Estados que tiveram queda no Ideb em 2015 s\u00e3o: Minas Gerais, Santa Catarina, Rond\u00f4nia, Rio Grande do Sul e Sergipe. Goi\u00e1s e Rio de Janeiro ficaram estagnados, com 3,8 e 3,6, respectivamente.<\/font> <\/p>\n<p align=\"justify\"><font size=\"3\" face=\"Arial\">Sergipe \u00e9 a rede estadual com menor Ideb na etapa, e ainda caiu. Passou de 2,8 para 2,6. Alagoas subiu de 2,6 pra 2,8, mas aparece na antepen\u00faltima posi\u00e7\u00e3o. <\/font><strong><font size=\"3\" face=\"Arial\">Como funciona o Ideb. <\/font><\/strong><font size=\"3\" face=\"Arial\">O Ideb, calculado a cada dois anos, foi criado em 2007 pelo Instituto Nacional de Estudos e Pesquisas Educacionais An\u00edsio Teixeira (Inep) para medir a qualidade da educa\u00e7\u00e3o com base nos conceitos de fluxo escolar e m\u00e9dias de desempenho nas avalia\u00e7\u00f5es.<\/font> <\/p>\n<p align=\"justify\"><font size=\"3\" face=\"Arial\">Para isso, \u00e9 aplicada a Prova Brasil, que avalia os conhecimentos dos estudantes em Portugu\u00eas e Matem\u00e1tica nos munic\u00edpios. Os dados sobre aprova\u00e7\u00e3o escolar, evas\u00e3o e fluxo s\u00e3o obtidos no Censo Escolar. Participam os alunos do 5\u00ba ao 9\u00ba ano do Ensino Fundamental, al\u00e9m do Ensino M\u00e9dio. <strong><font size=\"2\">Fonte: Folha de Pernambuco<\/font><\/strong><\/font><\/p>\n<div style=\"margin-top: 0px; margin-bottom: 0px;\" class=\"sharethis-inline-share-buttons\" ><\/div>","protected":false},"excerpt":{"rendered":"<p>Pernambuco foi um dos dois \u00fanicos estados a cumprir as metas educacionais para os anos iniciais e finais do Ensino Fundamental e todo o Ensino M\u00e9dio e foi destaque no ranking nacional no \u00cdndice de Desenvolvimento da Educa\u00e7\u00e3o B\u00e1sica (Ideb), relativo ao ano de 2015. A outra unidade federativa foi o Amazonas. Vinte redes estaduais, [&hellip;]<\/p>\n","protected":false},"author":1,"featured_media":0,"comment_status":"open","ping_status":"open","sticky":false,"template":"","format":"standard","meta":{"footnotes":""},"categories":[2],"tags":[],"class_list":["post-2885","post","type-post","status-publish","format-standard","hentry","category-noticias-do-dia"],"_links":{"self":[{"href":"https:\/\/www.saloanoticias.com\/v1\/wp-json\/wp\/v2\/posts\/2885","targetHints":{"allow":["GET"]}}],"collection":[{"href":"https:\/\/www.saloanoticias.com\/v1\/wp-json\/wp\/v2\/posts"}],"about":[{"href":"https:\/\/www.saloanoticias.com\/v1\/wp-json\/wp\/v2\/types\/post"}],"author":[{"embeddable":true,"href":"https:\/\/www.saloanoticias.com\/v1\/wp-json\/wp\/v2\/users\/1"}],"replies":[{"embeddable":true,"href":"https:\/\/www.saloanoticias.com\/v1\/wp-json\/wp\/v2\/comments?post=2885"}],"version-history":[{"count":0,"href":"https:\/\/www.saloanoticias.com\/v1\/wp-json\/wp\/v2\/posts\/2885\/revisions"}],"wp:attachment":[{"href":"https:\/\/www.saloanoticias.com\/v1\/wp-json\/wp\/v2\/media?parent=2885"}],"wp:term":[{"taxonomy":"category","embeddable":true,"href":"https:\/\/www.saloanoticias.com\/v1\/wp-json\/wp\/v2\/categories?post=2885"},{"taxonomy":"post_tag","embeddable":true,"href":"https:\/\/www.saloanoticias.com\/v1\/wp-json\/wp\/v2\/tags?post=2885"}],"curies":[{"name":"wp","href":"https:\/\/api.w.org\/{rel}","templated":true}]}}