{"id":2884,"date":"2016-09-08T13:00:00","date_gmt":"2016-09-08T13:00:00","guid":{"rendered":"https:\/\/saloanoticias.mrmediaweb.com\/v1\/2016\/09\/08\/escola-sao-vicente-esta-de-cara-nova\/"},"modified":"2016-09-08T13:00:00","modified_gmt":"2016-09-08T13:00:00","slug":"escola-sao-vicente-esta-de-cara-nova","status":"publish","type":"post","link":"https:\/\/www.saloanoticias.com\/v1\/escola-sao-vicente-esta-de-cara-nova\/","title":{"rendered":"\u201cESCOLA S\u00c3O VICENTE\u201d EST\u00c1 DE CARA NOVA"},"content":{"rendered":"<p align=\"justify\"><font size=\"3\" face=\"Arial\"><a href=\"http:\/\/www.saloanoticias.com\/images\/salo-noticias_5f36a44cb69a76d63b96ed134e1d54cf.jpg\"><img loading=\"lazy\" decoding=\"async\" title=\"SALO&Aacute; NOTICIAS\" style=\"border-top: 0px; border-right: 0px; background-image: none; border-bottom: 0px; float: none; padding-top: 0px; padding-left: 0px; margin: 0px auto 10px; border-left: 0px; display: block; padding-right: 0px\" border=\"0\" alt=\"SALO&Aacute; NOTICIAS\" src=\"http:\/\/www.saloanoticias.com\/v1\/wp-content\/uploads\/imagens\/salo-noticias_thumb_b274319b1307d9555e587ea426c7166d.jpg\" width=\"1433\" height=\"801\"><\/a>A Escola Municipal S\u00e3o Vicente vem recebendo elogios de toda comunidade. Quem j\u00e1 esteve na escola ap\u00f3s o per\u00edodo de reforma, teve o privil\u00e9gio de visitar as novas instala\u00e7\u00f5es e aprovaram o trabalho realizado. Durante reuni\u00e3o com um grupo de pais de alguns estudantes, a Gestora D. Dita, o Secret\u00e1rio de Educa\u00e7\u00e3o e toda equipe da escola, apresentaram para os que estavam presentes o trabalho realizado para melhorar a qualidade do ensino em nosso munic\u00edpio.<\/font><\/p>\n<p align=\"justify\"><a href=\"http:\/\/www.saloanoticias.com\/images\/paulinho-de-vilma_19d86e60aaeab4b666e67d045ebb46f1.jpg\"><img loading=\"lazy\" decoding=\"async\" title=\"paulinho de vilma\" style=\"border-top: 0px; border-right: 0px; background-image: none; border-bottom: 0px; float: none; padding-top: 0px; padding-left: 0px; margin-left: auto; border-left: 0px; display: block; padding-right: 0px; margin-right: auto\" border=\"0\" alt=\"paulinho de vilma\" src=\"http:\/\/www.saloanoticias.com\/v1\/wp-content\/uploads\/imagens\/paulinho-de-vilma_thumb_8c9cceb8d778c3e93fa1f3cc70aef966.jpg\" width=\"1433\" height=\"860\"><\/a><\/p>\n<p align=\"justify\"><font size=\"3\" face=\"Arial\">A escola est\u00e1 se preparando para apresentar em breve a todos os pais e comunidade as novas instala\u00e7\u00f5es em um encontro chamado \u201cFam\u00edlia na Escola\u201d. O encontro \u00e9 realizado semestralmente e tem como objetivo fortalecer os v\u00ednculos entre a fam\u00edlia e a escola. O secret\u00e1rio Alvaro Deangelles destaca que, por meio das obras, a Seduc pretende empreender melhorias na infraestrutura das unidades de ensino de forma a beneficiar o aprendizado dos alunos. \u201cTemos que dar prioridade para os locais onde os alunos est\u00e3o e, por isso, estamos investindo em obras nas nossas escolas\u201d diz.<\/font><\/p>\n<p align=\"justify\"><a href=\"http:\/\/www.saloanoticias.com\/images\/img_0406_3bcb3bab8ef207fdaa846003494ab32a.jpg\"><img loading=\"lazy\" decoding=\"async\" title=\"IMG_0406\" style=\"border-top: 0px; border-right: 0px; background-image: none; border-bottom: 0px; float: none; padding-top: 0px; padding-left: 0px; margin-left: auto; border-left: 0px; display: block; padding-right: 0px; margin-right: auto\" border=\"0\" alt=\"IMG_0406\" src=\"http:\/\/www.saloanoticias.com\/v1\/wp-content\/uploads\/imagens\/img_0406_thumb_c2397adc2d5468535ccaabd3e4b3364b.jpg\" width=\"1440\" height=\"811\"><\/a><\/p>\n<div style=\"margin-top: 0px; margin-bottom: 0px;\" class=\"sharethis-inline-share-buttons\" ><\/div>","protected":false},"excerpt":{"rendered":"<p>A Escola Municipal S\u00e3o Vicente vem recebendo elogios de toda comunidade. Quem j\u00e1 esteve na escola ap\u00f3s o per\u00edodo de reforma, teve o privil\u00e9gio de visitar as novas instala\u00e7\u00f5es e aprovaram o trabalho realizado. Durante reuni\u00e3o com um grupo de pais de alguns estudantes, a Gestora D. Dita, o Secret\u00e1rio de Educa\u00e7\u00e3o e toda equipe [&hellip;]<\/p>\n","protected":false},"author":1,"featured_media":0,"comment_status":"open","ping_status":"open","sticky":false,"template":"","format":"standard","meta":{"footnotes":""},"categories":[2],"tags":[],"class_list":["post-2884","post","type-post","status-publish","format-standard","hentry","category-noticias-do-dia"],"_links":{"self":[{"href":"https:\/\/www.saloanoticias.com\/v1\/wp-json\/wp\/v2\/posts\/2884","targetHints":{"allow":["GET"]}}],"collection":[{"href":"https:\/\/www.saloanoticias.com\/v1\/wp-json\/wp\/v2\/posts"}],"about":[{"href":"https:\/\/www.saloanoticias.com\/v1\/wp-json\/wp\/v2\/types\/post"}],"author":[{"embeddable":true,"href":"https:\/\/www.saloanoticias.com\/v1\/wp-json\/wp\/v2\/users\/1"}],"replies":[{"embeddable":true,"href":"https:\/\/www.saloanoticias.com\/v1\/wp-json\/wp\/v2\/comments?post=2884"}],"version-history":[{"count":0,"href":"https:\/\/www.saloanoticias.com\/v1\/wp-json\/wp\/v2\/posts\/2884\/revisions"}],"wp:attachment":[{"href":"https:\/\/www.saloanoticias.com\/v1\/wp-json\/wp\/v2\/media?parent=2884"}],"wp:term":[{"taxonomy":"category","embeddable":true,"href":"https:\/\/www.saloanoticias.com\/v1\/wp-json\/wp\/v2\/categories?post=2884"},{"taxonomy":"post_tag","embeddable":true,"href":"https:\/\/www.saloanoticias.com\/v1\/wp-json\/wp\/v2\/tags?post=2884"}],"curies":[{"name":"wp","href":"https:\/\/api.w.org\/{rel}","templated":true}]}}