{"id":28830,"date":"2025-06-24T17:23:11","date_gmt":"2025-06-24T20:23:11","guid":{"rendered":"https:\/\/www.saloanoticias.com\/v1\/?p=28830"},"modified":"2025-06-24T17:26:25","modified_gmt":"2025-06-24T20:26:25","slug":"saloa-sediara-a-xi-conferencia-municipal-de-assistencia-social-celebrando-20-anos-do-suas","status":"publish","type":"post","link":"https:\/\/www.saloanoticias.com\/v1\/saloa-sediara-a-xi-conferencia-municipal-de-assistencia-social-celebrando-20-anos-do-suas\/","title":{"rendered":"Salo\u00e1 sediar\u00e1 a XI Confer\u00eancia Municipal de Assist\u00eancia Social celebrando 20 Anos do SUAS"},"content":{"rendered":"\n<p>O munic\u00edpio de Salo\u00e1 se prepara para sediar a XI Confer\u00eancia Municipal de Assist\u00eancia Social no pr\u00f3ximo dia 1\u00ba de julho de 2025. O evento, que promete reunir profissionais, usu\u00e1rios e representantes da sociedade civil, acontecer\u00e1 no CCI \u2013 Centro de Conviv\u00eancia de Idosos, com atividades programadas das 8h \u00e0s 16h.<\/p>\n\n\n\n<p>A confer\u00eancia ter\u00e1 como tema central &#8220;20 anos de SUAS: constru\u00e7\u00e3o, prote\u00e7\u00e3o social e resist\u00eancia&#8221;. A tem\u00e1tica celebra as duas d\u00e9cadas do Sistema \u00danico de Assist\u00eancia Social (SUAS), um marco na pol\u00edtica de assist\u00eancia social brasileira, e convida \u00e0 reflex\u00e3o sobre os avan\u00e7os alcan\u00e7ados, os desafios enfrentados e a import\u00e2ncia da continuidade e fortalecimento das pol\u00edticas de prote\u00e7\u00e3o social.<\/p>\n\n\n\n<p>O evento ser\u00e1 coordenado conjuntamente pelo Conselho Municipal de Assist\u00eancia Social (CMAS), Secretaria de A\u00e7\u00e3o Social e pela Prefeitura de Salo\u00e1. Essa parceria estrat\u00e9gica visa garantir a ampla participa\u00e7\u00e3o e a constru\u00e7\u00e3o coletiva de propostas que possam aprimorar os servi\u00e7os de assist\u00eancia social no munic\u00edpio.<\/p>\n\n\n\n<p>Durante a confer\u00eancia, ser\u00e3o debatidos temas relevantes para a \u00e1rea, como o acesso aos direitos sociais, a import\u00e2ncia da rede de prote\u00e7\u00e3o para fam\u00edlias e indiv\u00edduos em situa\u00e7\u00e3o de vulnerabilidade, e as estrat\u00e9gias para garantir a resist\u00eancia e a manuten\u00e7\u00e3o dos avan\u00e7os conquistados pelo SUAS, mesmo diante de cen\u00e1rios desafiadores.<\/p>\n\n\n\n<p>A XI Confer\u00eancia Municipal de Assist\u00eancia Social de Salo\u00e1 \u00e9 uma oportunidade fundamental para avaliar as pol\u00edticas existentes, propor novas diretrizes e fortalecer o compromisso com a garantia dos direitos sociais da popula\u00e7\u00e3o. A participa\u00e7\u00e3o de todos os segmentos da sociedade \u00e9 crucial para o sucesso do evento e para a constru\u00e7\u00e3o de um futuro mais justo e equitativo para Salo\u00e1.<\/p>\n<div style=\"margin-top: 0px; margin-bottom: 0px;\" class=\"sharethis-inline-share-buttons\" ><\/div>","protected":false},"excerpt":{"rendered":"<p>O munic\u00edpio de Salo\u00e1 se prepara para sediar a XI Confer\u00eancia Municipal de Assist\u00eancia Social no pr\u00f3ximo dia 1\u00ba de julho de 2025. O evento, que promete reunir profissionais, usu\u00e1rios e representantes da sociedade civil, acontecer\u00e1 no CCI \u2013 Centro de Conviv\u00eancia de Idosos, com atividades programadas das 8h \u00e0s 16h. A confer\u00eancia ter\u00e1 como [&hellip;]<\/p>\n","protected":false},"author":1,"featured_media":28831,"comment_status":"closed","ping_status":"closed","sticky":false,"template":"","format":"standard","meta":{"footnotes":""},"categories":[21],"tags":[22],"class_list":["post-28830","post","type-post","status-publish","format-standard","has-post-thumbnail","hentry","category-cidade","tag-destaques"],"_links":{"self":[{"href":"https:\/\/www.saloanoticias.com\/v1\/wp-json\/wp\/v2\/posts\/28830","targetHints":{"allow":["GET"]}}],"collection":[{"href":"https:\/\/www.saloanoticias.com\/v1\/wp-json\/wp\/v2\/posts"}],"about":[{"href":"https:\/\/www.saloanoticias.com\/v1\/wp-json\/wp\/v2\/types\/post"}],"author":[{"embeddable":true,"href":"https:\/\/www.saloanoticias.com\/v1\/wp-json\/wp\/v2\/users\/1"}],"replies":[{"embeddable":true,"href":"https:\/\/www.saloanoticias.com\/v1\/wp-json\/wp\/v2\/comments?post=28830"}],"version-history":[{"count":2,"href":"https:\/\/www.saloanoticias.com\/v1\/wp-json\/wp\/v2\/posts\/28830\/revisions"}],"predecessor-version":[{"id":28833,"href":"https:\/\/www.saloanoticias.com\/v1\/wp-json\/wp\/v2\/posts\/28830\/revisions\/28833"}],"wp:featuredmedia":[{"embeddable":true,"href":"https:\/\/www.saloanoticias.com\/v1\/wp-json\/wp\/v2\/media\/28831"}],"wp:attachment":[{"href":"https:\/\/www.saloanoticias.com\/v1\/wp-json\/wp\/v2\/media?parent=28830"}],"wp:term":[{"taxonomy":"category","embeddable":true,"href":"https:\/\/www.saloanoticias.com\/v1\/wp-json\/wp\/v2\/categories?post=28830"},{"taxonomy":"post_tag","embeddable":true,"href":"https:\/\/www.saloanoticias.com\/v1\/wp-json\/wp\/v2\/tags?post=28830"}],"curies":[{"name":"wp","href":"https:\/\/api.w.org\/{rel}","templated":true}]}}