{"id":28823,"date":"2025-06-23T14:33:25","date_gmt":"2025-06-23T17:33:25","guid":{"rendered":"https:\/\/www.saloanoticias.com\/v1\/?p=28823"},"modified":"2025-06-23T15:08:31","modified_gmt":"2025-06-23T18:08:31","slug":"ronaldinho-diretor-fundador-do-blog-saloa-noticias-celebra-mais-um-ano-de-vida-hoje-23","status":"publish","type":"post","link":"https:\/\/www.saloanoticias.com\/v1\/ronaldinho-diretor-fundador-do-blog-saloa-noticias-celebra-mais-um-ano-de-vida-hoje-23\/","title":{"rendered":"Ronaldinho, diretor fundador do Blog Salo\u00e1 Not\u00edcias, celebra mais um ano de vida hoje (23)"},"content":{"rendered":"\n<p>Hoje \u00e9 dia de celebrar a vida de uma figura muito querida e respeitada em nossa cidade: Ronaldinho, diretor fundador do Blog Salo\u00e1 Not\u00edcias. Vision\u00e1rio, comprometido com a verdade e apaixonado por Salo\u00e1, Ronaldinho transformou seu amor pela comunica\u00e7\u00e3o em um canal que informa, conecta e valoriza a nossa gente.<\/p>\n\n\n\n<p>Ao longo dos anos, o Blog Salo\u00e1 Not\u00edcias se consolidou como uma das principais fontes de informa\u00e7\u00e3o da regi\u00e3o, sempre com seriedade, responsabilidade e um toque de carinho pela nossa terra, m\u00e9rito de quem est\u00e1 por tr\u00e1s de cada linha publicada.<\/p>\n\n\n\n<p>Neste dia especial, rendemos homenagens a esse profissional exemplar e ser humano admir\u00e1vel, que faz da not\u00edcia um instrumento de cidadania e aproxima\u00e7\u00e3o. Que Deus continue aben\u00e7oando sua jornada, com sa\u00fade, sabedoria e muitas conquistas. Parab\u00e9ns, Ronaldinho! <br><\/p>\n\n\n\n<p>Que esta nova etapa da sua vida seja repleta de paz, prosperidade e realiza\u00e7\u00f5es. Com carinho, Equipe Salo\u00e1 Not\u00edcias<\/p>\n<div style=\"margin-top: 0px; margin-bottom: 0px;\" class=\"sharethis-inline-share-buttons\" ><\/div>","protected":false},"excerpt":{"rendered":"<p>Hoje \u00e9 dia de celebrar a vida de uma figura muito querida e respeitada em nossa cidade: Ronaldinho, diretor fundador do Blog Salo\u00e1 Not\u00edcias. Vision\u00e1rio, comprometido com a verdade e apaixonado por Salo\u00e1, Ronaldinho transformou seu amor pela comunica\u00e7\u00e3o em um canal que informa, conecta e valoriza a nossa gente. Ao longo dos anos, o [&hellip;]<\/p>\n","protected":false},"author":1,"featured_media":28824,"comment_status":"closed","ping_status":"closed","sticky":false,"template":"","format":"standard","meta":{"footnotes":""},"categories":[21],"tags":[22],"class_list":["post-28823","post","type-post","status-publish","format-standard","has-post-thumbnail","hentry","category-cidade","tag-destaques"],"_links":{"self":[{"href":"https:\/\/www.saloanoticias.com\/v1\/wp-json\/wp\/v2\/posts\/28823","targetHints":{"allow":["GET"]}}],"collection":[{"href":"https:\/\/www.saloanoticias.com\/v1\/wp-json\/wp\/v2\/posts"}],"about":[{"href":"https:\/\/www.saloanoticias.com\/v1\/wp-json\/wp\/v2\/types\/post"}],"author":[{"embeddable":true,"href":"https:\/\/www.saloanoticias.com\/v1\/wp-json\/wp\/v2\/users\/1"}],"replies":[{"embeddable":true,"href":"https:\/\/www.saloanoticias.com\/v1\/wp-json\/wp\/v2\/comments?post=28823"}],"version-history":[{"count":3,"href":"https:\/\/www.saloanoticias.com\/v1\/wp-json\/wp\/v2\/posts\/28823\/revisions"}],"predecessor-version":[{"id":28829,"href":"https:\/\/www.saloanoticias.com\/v1\/wp-json\/wp\/v2\/posts\/28823\/revisions\/28829"}],"wp:featuredmedia":[{"embeddable":true,"href":"https:\/\/www.saloanoticias.com\/v1\/wp-json\/wp\/v2\/media\/28824"}],"wp:attachment":[{"href":"https:\/\/www.saloanoticias.com\/v1\/wp-json\/wp\/v2\/media?parent=28823"}],"wp:term":[{"taxonomy":"category","embeddable":true,"href":"https:\/\/www.saloanoticias.com\/v1\/wp-json\/wp\/v2\/categories?post=28823"},{"taxonomy":"post_tag","embeddable":true,"href":"https:\/\/www.saloanoticias.com\/v1\/wp-json\/wp\/v2\/tags?post=28823"}],"curies":[{"name":"wp","href":"https:\/\/api.w.org\/{rel}","templated":true}]}}