{"id":2882,"date":"2016-09-06T23:00:00","date_gmt":"2016-09-06T23:00:00","guid":{"rendered":"https:\/\/saloanoticias.mrmediaweb.com\/v1\/2016\/09\/06\/dia-7-de-setembro-com-homenagem-a-ze-antonio-do-leite\/"},"modified":"2016-09-06T23:00:00","modified_gmt":"2016-09-06T23:00:00","slug":"dia-7-de-setembro-com-homenagem-a-ze-antonio-do-leite","status":"publish","type":"post","link":"https:\/\/www.saloanoticias.com\/v1\/dia-7-de-setembro-com-homenagem-a-ze-antonio-do-leite\/","title":{"rendered":"DIA 7 DE SETEMBRO COM HOMENAGEM A Z\u00c9 ANT\u00d4NIO DO LEITE EM SALO\u00c1"},"content":{"rendered":"<p align=\"justify\"><font size=\"3\" face=\"Arial\"><a href=\"http:\/\/www.saloanoticias.com\/images\/rivaldo-peixoto_1d4a0f804b564d43bad7419f856aeb0c.jpg\"><img loading=\"lazy\" decoding=\"async\" title=\"Rivaldo Peixoto\" style=\"border-top: 0px; border-right: 0px; background-image: none; border-bottom: 0px; float: none; padding-top: 0px; padding-left: 0px; margin: 0px auto 10px; border-left: 0px; display: block; padding-right: 0px\" border=\"0\" alt=\"Rivaldo Peixoto\" src=\"http:\/\/www.saloanoticias.com\/v1\/wp-content\/uploads\/imagens\/rivaldo-peixoto_thumb_6edf00f4093d9881853735dfbc179010.jpg\" width=\"1434\" height=\"950\"><\/a>O dia 7 de setembro em Salo\u00e1 ser\u00e1 comemorado de forma simples, sem festa, por conta da morte do vice-prefeito do munic\u00edpio, Jos\u00e9 Ant\u00f4nio do Leite, j\u00e1 que no pr\u00f3ximo dia 9 de setembro, completa-se 1 m\u00eas de sua aus\u00eancia entre n\u00f3s. Pelo que fomos informados, \u00e0s 8h da manh\u00e3 desta quarta (7) ser\u00e1 feita o hasteamento das bandeiras do Brasil, Pernambuco e de Salo\u00e1, com a presen\u00e7a de autoridades, como por exemplo o prefeito Ricardo Alves, do ex-prefeito Z\u00e9 do Leite, da sua esposa Socorro e demais familiares do eterno vice, Z\u00e9 Ant\u00f4nio.<\/font><\/p>\n<p align=\"justify\"><font size=\"3\" face=\"Arial\">Ainda pelas informa\u00e7\u00f5es, estar\u00e3o presentes os vereadores, secret\u00e1rios de governo, diretores e demais pessoas do povo, muitas delas vestidas de branco simbolizando a paz. Mesmo sem o tradicional desfile de 7 de setembro, as atividades voltadas \u00e0 p\u00e1tria est\u00e3o sendo comemoradas em todas as escolas do munic\u00edpio, inclusive os hasteamentos das bandeiras todos os dias, de frente a prefeitura local, disse o secret\u00e1rio de educa\u00e7\u00e3o, Alvaro Deangelles.<\/font><\/p>\n<div style=\"margin-top: 0px; margin-bottom: 0px;\" class=\"sharethis-inline-share-buttons\" ><\/div>","protected":false},"excerpt":{"rendered":"<p>O dia 7 de setembro em Salo\u00e1 ser\u00e1 comemorado de forma simples, sem festa, por conta da morte do vice-prefeito do munic\u00edpio, Jos\u00e9 Ant\u00f4nio do Leite, j\u00e1 que no pr\u00f3ximo dia 9 de setembro, completa-se 1 m\u00eas de sua aus\u00eancia entre n\u00f3s. Pelo que fomos informados, \u00e0s 8h da manh\u00e3 desta quarta (7) ser\u00e1 feita [&hellip;]<\/p>\n","protected":false},"author":1,"featured_media":0,"comment_status":"open","ping_status":"open","sticky":false,"template":"","format":"standard","meta":{"footnotes":""},"categories":[2],"tags":[],"class_list":["post-2882","post","type-post","status-publish","format-standard","hentry","category-noticias-do-dia"],"_links":{"self":[{"href":"https:\/\/www.saloanoticias.com\/v1\/wp-json\/wp\/v2\/posts\/2882","targetHints":{"allow":["GET"]}}],"collection":[{"href":"https:\/\/www.saloanoticias.com\/v1\/wp-json\/wp\/v2\/posts"}],"about":[{"href":"https:\/\/www.saloanoticias.com\/v1\/wp-json\/wp\/v2\/types\/post"}],"author":[{"embeddable":true,"href":"https:\/\/www.saloanoticias.com\/v1\/wp-json\/wp\/v2\/users\/1"}],"replies":[{"embeddable":true,"href":"https:\/\/www.saloanoticias.com\/v1\/wp-json\/wp\/v2\/comments?post=2882"}],"version-history":[{"count":0,"href":"https:\/\/www.saloanoticias.com\/v1\/wp-json\/wp\/v2\/posts\/2882\/revisions"}],"wp:attachment":[{"href":"https:\/\/www.saloanoticias.com\/v1\/wp-json\/wp\/v2\/media?parent=2882"}],"wp:term":[{"taxonomy":"category","embeddable":true,"href":"https:\/\/www.saloanoticias.com\/v1\/wp-json\/wp\/v2\/categories?post=2882"},{"taxonomy":"post_tag","embeddable":true,"href":"https:\/\/www.saloanoticias.com\/v1\/wp-json\/wp\/v2\/tags?post=2882"}],"curies":[{"name":"wp","href":"https:\/\/api.w.org\/{rel}","templated":true}]}}