{"id":2881,"date":"2016-09-05T17:00:00","date_gmt":"2016-09-05T17:00:00","guid":{"rendered":"https:\/\/saloanoticias.mrmediaweb.com\/v1\/2016\/09\/05\/justica-impuna-candidatura-de-frank-da-serrinha-e-paulo-filho-de-vilma\/"},"modified":"2016-09-05T17:00:00","modified_gmt":"2016-09-05T17:00:00","slug":"justica-impuna-candidatura-de-frank-da-serrinha-e-paulo-filho-de-vilma","status":"publish","type":"post","link":"https:\/\/www.saloanoticias.com\/v1\/justica-impuna-candidatura-de-frank-da-serrinha-e-paulo-filho-de-vilma\/","title":{"rendered":"JUSTI\u00c7A IMPUGNA CANDIDATURA DE FRENK DA SERRINHA E PAULINHO DE VILMA"},"content":{"rendered":"<p align=\"justify\"><font size=\"3\" face=\"Arial\"><a href=\"http:\/\/www.saloanoticias.com\/images\/freenk-da-serrinha.jpg\"><img loading=\"lazy\" decoding=\"async\" title=\"freenk da serrinha\" style=\"border-top: 0px; border-right: 0px; background-image: none; border-bottom: 0px; float: left; padding-top: 0px; padding-left: 0px; margin: 5px 5px 0px 0px; border-left: 0px; display: inline; padding-right: 0px\" border=\"0\" alt=\"freenk da serrinha\" src=\"http:\/\/www.saloanoticias.com\/v1\/wp-content\/uploads\/imagens\/freenk-da-serrinha_thumb.jpg\" width=\"191\" align=\"left\" height=\"196\"><\/a>A Justi\u00e7a Eleitoral de Pernambuco, atrav\u00e9s do Juiz Eleitoral da Comarca de Salo\u00e1, Dr. R\u00f4mulo Mac\u00eado Bastos, indeferiu na \u00faltima sexta-feira, dia 2 de setembro de 2016, as candidaturas de Marcos Freenk Silva de Melo (PTB), conhecido por Freenk da Serrinha, nascido em 24\/01\/93, e o de Paulo Jos\u00e9 de Barros Souto Neto (PTB), mais conhecido por Paulinho de Vilma da Prata, por n\u00e3o estarem de acordo com o que estabelece a legisla\u00e7\u00e3o vigente no pa\u00eds, desfalcando assim, a \u201cColiga\u00e7\u00e3o Juntos Somos Mais Fortes\u201d, chapa composta por Girlan Pereira e Wellington Freitas.<\/font><\/p>\n<p align=\"justify\"><font size=\"3\" face=\"Arial\"><a href=\"http:\/\/www.saloanoticias.com\/images\/paulinho-de-vilma.jpg\"><img loading=\"lazy\" decoding=\"async\" title=\"paulinho de vilma\" style=\"border-top: 0px; border-right: 0px; background-image: none; border-bottom: 0px; float: right; padding-top: 0px; padding-left: 0px; margin: 5px 0px 0px 5px; border-left: 0px; display: inline; padding-right: 0px\" border=\"0\" alt=\"paulinho de vilma\" src=\"http:\/\/www.saloanoticias.com\/v1\/wp-content\/uploads\/imagens\/paulinho-de-vilma_thumb.jpg\" width=\"134\" align=\"right\" height=\"136\"><\/a>As impugna\u00e7\u00f5es foram requeridas pelo Minist\u00e9rio P\u00fablico Eleitoral, na pessoa do Promotor R\u00e9us Alexandre, substituto do MP no munic\u00edpio e as senten\u00e7as foram publicada no site do TRE neste domingo, dia 4. Agora, o grupo da oposi\u00e7\u00e3o vai concorrer com menos duas vagas, somando 17. Segundo as informa\u00e7\u00f5es do TRE, todos os candidatos da Coliga\u00e7\u00e3o Caf\u00e9 com Leite tiveram seus registros aprovados pela justi\u00e7a eleitoral. Confira abaixo as senten\u00e7as prolatadas pelo juiz:<\/font><\/p>\n<p align=\"center\"><font face=\"Arial\"><font size=\"3\"><b>PROCESSO DE FREENK DA SERRINHA:<\/b><br \/>N\u00ba 3076 &#8211; REGISTRO DE CANDIDATURA <b>UF:<\/b> PE<\/font><\/font><\/p>\n<p align=\"center\"><font size=\"3\" face=\"Arial\">136\u00aa ZONA ELEITORAL<\/font> <\/p>\n<p align=\"center\"><font face=\"Arial\"><font size=\"3\"><b>N\u00ba \u00daNICO:<\/b><br \/>3076.2016.617.0136<\/font><\/font><\/p>\n<p align=\"center\"><font face=\"Arial\"><font size=\"3\"><b>MUNIC\u00cdPIO:<\/b><br \/>SALO\u00c1 &#8211; PE<br \/><b>N.\u00b0 Origem:<\/b><\/font><\/font><\/p>\n<p align=\"center\"><font face=\"Arial\"><font size=\"3\"><b>PROTOCOLO:<\/b><br \/>653772016 &#8211; 15\/08\/2016 16:57<\/font><\/font><\/p>\n<p align=\"center\"><font face=\"Arial\"><font size=\"3\"><b>REQUERENTE(S):<\/b><br \/>COLIGA\u00c7\u00c3O JUNTOS SOMOS MAIS FORTES (PTB \/ PRTB \/ PSD)<\/font><\/font><\/p>\n<p align=\"center\"><font face=\"Arial\"><font size=\"3\"><b>CANDIDATO:<\/b><br \/>MARCOS FREENK SILVA DE MELO, CARGO VEREADOR, N\u00ba: 14222<\/font><\/font><\/p>\n<p align=\"center\"><font face=\"Arial\"><font size=\"3\"><b>JUIZ(A):<\/b><br \/>R\u00d4MULO MAC\u00caDO BASTOS<\/font><\/font><\/p>\n<p align=\"center\"><font face=\"Arial\"><font size=\"3\"><b>ASSUNTO:<\/b><br \/>DIREITO ELEITORAL &#8211; Elei\u00e7\u00f5es &#8211; Candidatos &#8211; Registro de Candidatura &#8211; Cargos &#8211; Registro de Candidatura &#8211; RRC &#8211; Candidato &#8211; Cargo &#8211; Vereador<\/font><\/font><\/p>\n<p align=\"center\"><font face=\"Arial\"><font size=\"3\"><b>LOCALIZA\u00c7\u00c3O:<\/b><br \/>ZE136-136\u00aa Zona Eleitoral<\/font><\/font><\/p>\n<p align=\"center\"><font face=\"Arial\"><font size=\"3\"><b>FASE ATUAL:<\/b><br \/>04\/09\/2016 17:14-Publica\u00e7\u00e3o em 04\/09\/2016 Publicado no Mural . Senten\u00e7a de 02\/09\/2016.<\/font><\/font><\/p>\n<p align=\"center\"><font size=\"3\" face=\"Arial\">Andamento Despachos\/Senten\u00e7as Processos Apensados Documentos Juntados Todos<\/font> <\/p>\n<p align=\"center\"><b><font size=\"3\" face=\"Arial\">Despacho<\/font><\/b> <\/p>\n<p align=\"center\"><font size=\"3\" face=\"Arial\">Senten\u00e7a em 02\/09\/2016 &#8211; RCAND N\u00ba 3076 R\u00d4MULO MAC\u00caDO BASTOS<\/font> <\/p>\n<p align=\"center\"><font size=\"3\" face=\"Arial\">Publicado em 04\/09\/2016 no Publicado no Mural, vol. 17h30<\/font> <\/p>\n<p align=\"center\"><font size=\"3\" face=\"Arial\">SENTEN\u00c7A<br \/>Processo n\u00ba: 30-76.2016.6.17.0136 &#8211; REGISTRO DE CANDIDATURA<br \/>Requerente: MARCOS FREENK SILVA DE MELO<br \/>Partido\/Coliga\u00e7\u00e3o: JUNTOS SOMOS MAIS FORTES-PROPORCIONAL<\/font><\/p>\n<p align=\"justify\">Trata-se de pedido de registro de candidatura coletivo, apresentado em 15\/08\/2016, de MARCOS FREENK SILVA DE MELO, para concorrer ao cargo de Vereador, sob o n\u00famero 14222, pelo(a) JUNTOS SOMOS MAIS FORTES-PROPORCIONAL (PTB, PRTB, PSD), no Munic\u00edpio de(o) SALO\u00c1. Publicado o edital, decorreu o prazo legal sem impugna\u00e7\u00e3o. Foi ventilada pelo postulante que a sua filia\u00e7\u00e3o em lista interna teria sido no dia 16.02.2016, n\u00e3o tendo como prosperar, portanto a alega\u00e7\u00e3o, vez que se trata de mat\u00e9ria j\u00e1 decidida por este Ju\u00edzo no processo n\u00ba 5-63.2016.6.17.0136 e, frise-se j\u00e1 transitado em julgado. O Minist\u00e9rio P\u00fablico Eleitoral manifestou-se pelo indeferimento do pedido de registro. \u00c9 o relat\u00f3rio.<\/p>\n<p align=\"justify\">Decido. Considerando a aus\u00eancia de filia\u00e7\u00e3o partid\u00e1ria em decis\u00e3o transitada em julgado nos autos n\u00ba 5-63.2016.6.17.0136, o indeferimento do presente registro de candidatura \u00e9 medida que se imp\u00f5e. O pedido n\u00e3o se encontra em conformidade com o disposto no art.27,\u00a71\u00ba da Resolu\u00e7\u00e3o TSE n\u00ba 23.455\/2015 uma vez que o candidato n\u00e3o preenche o requisito pertinente a filia\u00e7\u00e3o partid\u00e1ria pelas raz\u00f5es expostas. ISTO POSTO, INDEFIRO o pedido de registro de candidatura de MARCOS FREENK SILVA DE MELO, para concorrer ao cargo de Vereador.<\/p>\n<p align=\"center\"><font size=\"3\" face=\"Arial\">Registre-se. Publique-se. Intime-se.<br \/>SALO\u00c1, 02 de setembro de 2016.<br \/>____________________________<br \/>Dr. R\u00f4mulo Macedo Bastos<br \/>Juiz da 136\u00aa Zona Eleitoral<\/font><\/p>\n<p align=\"justify\"><font size=\"3\" face=\"Arial\"><\/font>&nbsp;<\/p>\n<p align=\"center\"><font face=\"Arial\"><font size=\"3\"><b>PROCESSO DE PAULINHO DE VILMA DA PRATA:<\/b><br \/>N\u00ba 3161 &#8211; REGISTRO DE CANDIDATURA <b>UF:<\/b> PE, <\/font><\/font><\/p>\n<p align=\"center\"><font size=\"3\" face=\"Arial\">136\u00aa ZONA ELEITORAL<\/font> <\/p>\n<p align=\"center\"><font face=\"Arial\"><font size=\"3\"><b>N\u00ba \u00daNICO:<\/b><br \/>3161.2016.617.0136<\/font><\/font><\/p>\n<p align=\"center\"><font face=\"Arial\"><font size=\"3\"><b>MUNIC\u00cdPIO:<\/b><br \/>SALO\u00c1 &#8211; PE<br \/><b>N.\u00b0 Origem:<\/b><\/font><\/font><\/p>\n<p align=\"center\"><font face=\"Arial\"><font size=\"3\"><b>PROTOCOLO:<\/b><br \/>653782016 &#8211; 15\/08\/2016 16:57<\/font><\/font><\/p>\n<p align=\"center\"><font face=\"Arial\"><font size=\"3\"><b>REQUERENTE(S):<\/b><br \/>COLIGA\u00c7\u00c3O JUNTOS SOMOS MAIS FORTES (PTB \/ PRTB \/ PSD)<\/font><\/font><\/p>\n<p align=\"center\"><font face=\"Arial\"><font size=\"3\"><b>CANDIDATO:<\/b><br \/>PAULO JOSE DE BARROS SOUTO NETO, CARGO VEREADOR, N\u00ba: 14333<\/font><\/font><\/p>\n<p align=\"center\"><font face=\"Arial\"><font size=\"3\"><b>JUIZ(A):<\/b><br \/>R\u00d4MULO MAC\u00caDO BASTOS<\/font><\/font><\/p>\n<p align=\"center\"><font face=\"Arial\"><font size=\"3\"><b>ASSUNTO:<\/b><br \/>DIREITO ELEITORAL &#8211; Elei\u00e7\u00f5es &#8211; Candidatos &#8211; Registro de Candidatura &#8211; Cargos &#8211; Registro de Candidatura &#8211; RRC &#8211; Candidato &#8211; Cargo &#8211; Vereador<\/font><\/font><\/p>\n<p align=\"center\"><font face=\"Arial\"><font size=\"3\"><b>LOCALIZA\u00c7\u00c3O:<\/b><br \/>ZE136-136\u00aa Zona Eleitoral<\/font><\/font><\/p>\n<p align=\"center\"><font face=\"Arial\"><font size=\"3\"><b>FASE ATUAL:<\/b><br \/>04\/09\/2016 17:19-Publica\u00e7\u00e3o em 04\/09\/2016 Publicado no Mural . Senten\u00e7a de 02\/09\/2016.<\/font><\/font><\/p>\n<p align=\"center\"><font size=\"3\" face=\"Arial\">Andamento Despachos\/Senten\u00e7as Processos Apensados Documentos Juntados Todos<\/font> <\/p>\n<p align=\"center\"><b><font size=\"3\" face=\"Arial\">Despacho<\/font><\/b> <\/p>\n<p align=\"center\"><font size=\"3\" face=\"Arial\">Senten\u00e7a em 02\/09\/2016 &#8211; RCAND N\u00ba 3161 R\u00d4MULO MAC\u00caDO BASTOS<\/font> <\/p>\n<p align=\"center\"><font size=\"3\" face=\"Arial\">Publicado em 04\/09\/2016 no Publicado no Mural, vol. 17h30<\/font> <\/p>\n<p align=\"center\"><font size=\"3\" face=\"Arial\">SENTEN\u00c7A<br \/>Processo n\u00ba: 31-61.2016.6.17.0136 &#8211; REGISTRO DE CANDIDATURA<br \/>Requerente: PAULO JOSE DE BARROS SOUTO NETO<br \/>Partido\/Coliga\u00e7\u00e3o: JUNTOS SOMOS MAIS FORTES-PROPORCIONAL<\/font><\/p>\n<p align=\"justify\"><font size=\"3\" face=\"Arial\">Trata-se de pedido de registro de candidatura coletivo, apresentado em 15\/08\/2016, de PAULO JOSE DE BARROS SOUTO NETO, para concorrer ao cargo de Vereador, sob o n\u00famero 14333, pelo(a) JUNTOS SOMOS MAIS FORTES- PROPORCIONAL (PTB, PRTB, PSD), no Munic\u00edpio de(o) SALO\u00c1. Publicado o edital, decorreu o prazo legal sem impugna\u00e7\u00e3o. Foi ventilada pelo postulante que a sua filia\u00e7\u00e3o em lista interna teria sido no dia 16.02.2016, n\u00e3o tendo como prosperar, portanto a alega\u00e7\u00e3o, vez que se trata de mat\u00e9ria j\u00e1 decidida por este Ju\u00edzo no processo n\u00ba 3-93.2016.6.17.0136 e, frise-se j\u00e1 transitado em julgado. O Minist\u00e9rio P\u00fablico Eleitoral manifestou-se pelo indeferimento do pedido de registro. \u00c9 o relat\u00f3rio.<\/font><\/p>\n<p align=\"justify\"><font size=\"3\" face=\"Arial\">Decido. Considerando a aus\u00eancia de filia\u00e7\u00e3o partid\u00e1ria em decis\u00e3o transitada em julgado nos autos n\u00ba 3-93.2016.6.17.0136, o indeferimento do presente registro de candidatura \u00e9 medida que se imp\u00f5e. O pedido n\u00e3o se encontra em conformidade com o disposto no art.27, \u00a71\u00ba da Resolu\u00e7\u00e3o TSE n\u00ba 23.455\/2015 uma vez que o candidato n\u00e3o preenche o requisito pertinente a filia\u00e7\u00e3o partid\u00e1ria pelas raz\u00f5es expostas. ISTO POSTO, INDEFIRO o pedido de registro de candidatura de PAULO JOSE DE BARROS SOUTO NETO, para concorrer ao cargo de Vereador.<\/font><\/p>\n<p align=\"center\"><font size=\"3\" face=\"Arial\">Registre-se. Publique-se. Intime-se.<br \/>SALO\u00c1, 02 de Setembro de 2016.<br \/>____________________________<br \/>Dr. R\u00f4mulo Macedo Bastos<br \/>Juiz da 136\u00aa Zona Eleitoral<\/font><\/p>\n<div style=\"margin-top: 0px; margin-bottom: 0px;\" class=\"sharethis-inline-share-buttons\" ><\/div>","protected":false},"excerpt":{"rendered":"<p>A Justi\u00e7a Eleitoral de Pernambuco, atrav\u00e9s do Juiz Eleitoral da Comarca de Salo\u00e1, Dr. R\u00f4mulo Mac\u00eado Bastos, indeferiu na \u00faltima sexta-feira, dia 2 de setembro de 2016, as candidaturas de Marcos Freenk Silva de Melo (PTB), conhecido por Freenk da Serrinha, nascido em 24\/01\/93, e o de Paulo Jos\u00e9 de Barros Souto Neto (PTB), mais [&hellip;]<\/p>\n","protected":false},"author":1,"featured_media":0,"comment_status":"open","ping_status":"open","sticky":false,"template":"","format":"standard","meta":{"footnotes":""},"categories":[2],"tags":[],"class_list":["post-2881","post","type-post","status-publish","format-standard","hentry","category-noticias-do-dia"],"_links":{"self":[{"href":"https:\/\/www.saloanoticias.com\/v1\/wp-json\/wp\/v2\/posts\/2881","targetHints":{"allow":["GET"]}}],"collection":[{"href":"https:\/\/www.saloanoticias.com\/v1\/wp-json\/wp\/v2\/posts"}],"about":[{"href":"https:\/\/www.saloanoticias.com\/v1\/wp-json\/wp\/v2\/types\/post"}],"author":[{"embeddable":true,"href":"https:\/\/www.saloanoticias.com\/v1\/wp-json\/wp\/v2\/users\/1"}],"replies":[{"embeddable":true,"href":"https:\/\/www.saloanoticias.com\/v1\/wp-json\/wp\/v2\/comments?post=2881"}],"version-history":[{"count":0,"href":"https:\/\/www.saloanoticias.com\/v1\/wp-json\/wp\/v2\/posts\/2881\/revisions"}],"wp:attachment":[{"href":"https:\/\/www.saloanoticias.com\/v1\/wp-json\/wp\/v2\/media?parent=2881"}],"wp:term":[{"taxonomy":"category","embeddable":true,"href":"https:\/\/www.saloanoticias.com\/v1\/wp-json\/wp\/v2\/categories?post=2881"},{"taxonomy":"post_tag","embeddable":true,"href":"https:\/\/www.saloanoticias.com\/v1\/wp-json\/wp\/v2\/tags?post=2881"}],"curies":[{"name":"wp","href":"https:\/\/api.w.org\/{rel}","templated":true}]}}