{"id":2880,"date":"2016-09-05T02:30:00","date_gmt":"2016-09-05T02:30:00","guid":{"rendered":"https:\/\/saloanoticias.mrmediaweb.com\/v1\/2016\/09\/05\/paulo-camara-prestigia-alunos-do-programa-ganhe-o-mundo\/"},"modified":"2016-09-05T02:30:00","modified_gmt":"2016-09-05T02:30:00","slug":"paulo-camara-prestigia-alunos-do-programa-ganhe-o-mundo","status":"publish","type":"post","link":"https:\/\/www.saloanoticias.com\/v1\/paulo-camara-prestigia-alunos-do-programa-ganhe-o-mundo\/","title":{"rendered":"GOV. PAULO C\u00c2MARA PRESTIGIA ALUNOS DO PROGRAMA \u201cGANHE O MUNDO\u201d"},"content":{"rendered":"<p align=\"justify\"><font size=\"3\" face=\"Arial\"><a href=\"http:\/\/www.saloanoticias.com\/images\/paulo-cmara_341b654a08a13cfe99c65d34626b7079.jpg\"><img loading=\"lazy\" decoding=\"async\" title=\"Paulo C&acirc;mara\" style=\"border-top: 0px; border-right: 0px; background-image: none; border-bottom: 0px; float: left; padding-top: 0px; padding-left: 0px; margin: 5px 5px 0px 0px; border-left: 0px; display: inline; padding-right: 0px\" border=\"0\" alt=\"Paulo C&acirc;mara\" src=\"http:\/\/www.saloanoticias.com\/v1\/wp-content\/uploads\/imagens\/paulo-cmara_thumb_0d78e5b0522f7cacfadd727e799ecb0f.jpg\" width=\"290\" align=\"left\" height=\"193\"><\/a>O governador Paulo C\u00e2mara esteve no s\u00e1bado (3) no Aeroporto dos Guararapes para acompanhar o embarque de mais 170 alunos do programa \u201cGanhe o Mundo\u201d para aprender Ingl\u00eas no Canad\u00e1.<\/font> <font size=\"3\" face=\"Arial\">Eles v\u00e3o cursar um semestre na modalidade High School e a novidade desta edi\u00e7\u00e3o \u00e9 que os estudantes v\u00e3o ter oportunidade de aprimorar seus conhecimentos na \u00e1rea musical.<\/font>&nbsp;<font size=\"3\" face=\"Arial\">Al\u00e9m das aulas normais, eles ter\u00e3o treinamento pr\u00e1tico de instrumento e\/ou canto.<\/font>  <\/p>\n<p align=\"justify\"><font size=\"3\" face=\"Arial\">Criado em 2012 pelo governador Eduardo Campos, o programa \u201cGanhe o Mundo\u201d d\u00e1 oportunidade a alunos de escolas p\u00fablicas para aprenderem Ingl\u00eas ou Espanhol no exterior.<\/font>&nbsp;<font size=\"3\" face=\"Arial\">Entre 2012 e 2015, embarcaram cerca de cinco mil estudantes para pa\u00edses como Argentina, EUA, Espanha, Uruguai, Nova Zel\u00e2ndia, Chile, Canad\u00e1 e Austr\u00e1lia. O Governo do Estado paga a passagem e d\u00e1 uma bolsa de estudo.<\/font> <font size=\"3\" face=\"Arial\">Esta edi\u00e7\u00e3o do programa foi fruto de uma parceria com o Conservat\u00f3rio Pernambucano de M\u00fasica e visa ao desenvolvimento art\u00edstico dos estudantes.<\/font>  <\/p>\n<p align=\"justify\"><font size=\"3\" face=\"Arial\">Os alunos que viajaram neste s\u00e1bado s\u00e3o de S\u00e3o Jos\u00e9 do Egito, Afogados da Ingazeira, Ipubi, Taquaritinga do Norte, Paulista, Ipojuca, Palmares e Recife. <strong><font size=\"2\">Fonte: Blog do Inaldo Sampaio<\/font><\/strong><\/font><\/p>\n<div style=\"margin-top: 0px; margin-bottom: 0px;\" class=\"sharethis-inline-share-buttons\" ><\/div>","protected":false},"excerpt":{"rendered":"<p>O governador Paulo C\u00e2mara esteve no s\u00e1bado (3) no Aeroporto dos Guararapes para acompanhar o embarque de mais 170 alunos do programa \u201cGanhe o Mundo\u201d para aprender Ingl\u00eas no Canad\u00e1. Eles v\u00e3o cursar um semestre na modalidade High School e a novidade desta edi\u00e7\u00e3o \u00e9 que os estudantes v\u00e3o ter oportunidade de aprimorar seus conhecimentos [&hellip;]<\/p>\n","protected":false},"author":1,"featured_media":0,"comment_status":"open","ping_status":"open","sticky":false,"template":"","format":"standard","meta":{"footnotes":""},"categories":[2],"tags":[],"class_list":["post-2880","post","type-post","status-publish","format-standard","hentry","category-noticias-do-dia"],"_links":{"self":[{"href":"https:\/\/www.saloanoticias.com\/v1\/wp-json\/wp\/v2\/posts\/2880","targetHints":{"allow":["GET"]}}],"collection":[{"href":"https:\/\/www.saloanoticias.com\/v1\/wp-json\/wp\/v2\/posts"}],"about":[{"href":"https:\/\/www.saloanoticias.com\/v1\/wp-json\/wp\/v2\/types\/post"}],"author":[{"embeddable":true,"href":"https:\/\/www.saloanoticias.com\/v1\/wp-json\/wp\/v2\/users\/1"}],"replies":[{"embeddable":true,"href":"https:\/\/www.saloanoticias.com\/v1\/wp-json\/wp\/v2\/comments?post=2880"}],"version-history":[{"count":0,"href":"https:\/\/www.saloanoticias.com\/v1\/wp-json\/wp\/v2\/posts\/2880\/revisions"}],"wp:attachment":[{"href":"https:\/\/www.saloanoticias.com\/v1\/wp-json\/wp\/v2\/media?parent=2880"}],"wp:term":[{"taxonomy":"category","embeddable":true,"href":"https:\/\/www.saloanoticias.com\/v1\/wp-json\/wp\/v2\/categories?post=2880"},{"taxonomy":"post_tag","embeddable":true,"href":"https:\/\/www.saloanoticias.com\/v1\/wp-json\/wp\/v2\/tags?post=2880"}],"curies":[{"name":"wp","href":"https:\/\/api.w.org\/{rel}","templated":true}]}}