{"id":28790,"date":"2025-06-19T08:20:53","date_gmt":"2025-06-19T11:20:53","guid":{"rendered":"https:\/\/www.saloanoticias.com\/v1\/?p=28790"},"modified":"2025-06-19T12:47:29","modified_gmt":"2025-06-19T15:47:29","slug":"lideranca-consolidada-prefeito-junior-de-rivaldo-de-saloa-conquista-apoio-unanime-do-legislativo","status":"publish","type":"post","link":"https:\/\/www.saloanoticias.com\/v1\/lideranca-consolidada-prefeito-junior-de-rivaldo-de-saloa-conquista-apoio-unanime-do-legislativo\/","title":{"rendered":"Lideran\u00e7a consolidada: Prefeito J\u00fanior de Rivaldo de Salo\u00e1 conquista apoio un\u00e2nime do Legislativo"},"content":{"rendered":"\n<p>A gest\u00e3o municipal de Salo\u00e1, sob a lideran\u00e7a do prefeito J\u00fanior de Rivaldo, alcan\u00e7ou um marco significativo e raro na pol\u00edtica local: o apoio in\u00e9dito e un\u00e2nime de todos os integrantes do Poder Legislativo.<\/p>\n\n\n\n<p>Essa demonstra\u00e7\u00e3o de uni\u00e3o e reconhecimento \u00e9 vista como fruto do trabalho \u00e1rduo e da dedica\u00e7\u00e3o do gestor em prol do desenvolvimento da cidade. Em uma recente publica\u00e7\u00e3o em suas redes sociais, o prefeito J\u00fanior de Rivaldo expressou sua gratid\u00e3o e destacou a import\u00e2ncia dessa parceria.<\/p>\n\n\n\n<p>&#8220;Sou grato a Deus por me permitir liderar este grupo pol\u00edtico coeso, onde a uni\u00e3o faz a for\u00e7a&#8221;, escreveu o gestor, ressaltando o valor do alinhamento entre Executivo e Legislativo para o avan\u00e7o do munic\u00edpio. A rela\u00e7\u00e3o harmoniosa entre a Prefeitura e a C\u00e2mara de Vereadores \u00e9 um fator crucial para a agilidade na aprova\u00e7\u00e3o de projetos e para a implementa\u00e7\u00e3o de pol\u00edticas p\u00fablicas que beneficiem diretamente a popula\u00e7\u00e3o.<\/p>\n\n\n\n<p>Esse apoio irrestrito dos parlamentares \u00e9 um reflexo da confian\u00e7a que depositam na administra\u00e7\u00e3o de J\u00fanior de Rivaldo, reconhecendo os esfor\u00e7os e resultados alcan\u00e7ados em diversas \u00e1reas. O prefeito fez quest\u00e3o de reiterar a import\u00e2ncia de cada vereador nesse processo.<\/p>\n\n\n\n<p>&#8220;Conto com cada um dos vereadores para, juntos, transformarmos a vida de cada saloaense para melhor&#8221;, afirmou, demonstrando que a uni\u00e3o pol\u00edtica tem um prop\u00f3sito claro: servir \u00e0 comunidade e promover melhorias cont\u00ednuas.<\/p>\n\n\n\n<p>A lideran\u00e7a consolidada de J\u00fanior de Rivaldo e o apoio in\u00e9dito da C\u00e2mara Municipal de Salo\u00e1 sinalizam um ambiente pol\u00edtico favor\u00e1vel \u00e0 governabilidade e \u00e0 concretiza\u00e7\u00e3o de novos projetos. Essa sinergia entre os poderes promete acelerar o desenvolvimento do munic\u00edpio e trazer mais qualidade de vida para todos os cidad\u00e3os.<\/p>\n<div style=\"margin-top: 0px; margin-bottom: 0px;\" class=\"sharethis-inline-share-buttons\" ><\/div>","protected":false},"excerpt":{"rendered":"<p>A gest\u00e3o municipal de Salo\u00e1, sob a lideran\u00e7a do prefeito J\u00fanior de Rivaldo, alcan\u00e7ou um marco significativo e raro na pol\u00edtica local: o apoio in\u00e9dito e un\u00e2nime de todos os integrantes do Poder Legislativo. Essa demonstra\u00e7\u00e3o de uni\u00e3o e reconhecimento \u00e9 vista como fruto do trabalho \u00e1rduo e da dedica\u00e7\u00e3o do gestor em prol do [&hellip;]<\/p>\n","protected":false},"author":1,"featured_media":28794,"comment_status":"closed","ping_status":"closed","sticky":false,"template":"","format":"standard","meta":{"footnotes":""},"categories":[21],"tags":[22],"class_list":["post-28790","post","type-post","status-publish","format-standard","has-post-thumbnail","hentry","category-cidade","tag-destaques"],"_links":{"self":[{"href":"https:\/\/www.saloanoticias.com\/v1\/wp-json\/wp\/v2\/posts\/28790","targetHints":{"allow":["GET"]}}],"collection":[{"href":"https:\/\/www.saloanoticias.com\/v1\/wp-json\/wp\/v2\/posts"}],"about":[{"href":"https:\/\/www.saloanoticias.com\/v1\/wp-json\/wp\/v2\/types\/post"}],"author":[{"embeddable":true,"href":"https:\/\/www.saloanoticias.com\/v1\/wp-json\/wp\/v2\/users\/1"}],"replies":[{"embeddable":true,"href":"https:\/\/www.saloanoticias.com\/v1\/wp-json\/wp\/v2\/comments?post=28790"}],"version-history":[{"count":2,"href":"https:\/\/www.saloanoticias.com\/v1\/wp-json\/wp\/v2\/posts\/28790\/revisions"}],"predecessor-version":[{"id":28793,"href":"https:\/\/www.saloanoticias.com\/v1\/wp-json\/wp\/v2\/posts\/28790\/revisions\/28793"}],"wp:featuredmedia":[{"embeddable":true,"href":"https:\/\/www.saloanoticias.com\/v1\/wp-json\/wp\/v2\/media\/28794"}],"wp:attachment":[{"href":"https:\/\/www.saloanoticias.com\/v1\/wp-json\/wp\/v2\/media?parent=28790"}],"wp:term":[{"taxonomy":"category","embeddable":true,"href":"https:\/\/www.saloanoticias.com\/v1\/wp-json\/wp\/v2\/categories?post=28790"},{"taxonomy":"post_tag","embeddable":true,"href":"https:\/\/www.saloanoticias.com\/v1\/wp-json\/wp\/v2\/tags?post=28790"}],"curies":[{"name":"wp","href":"https:\/\/api.w.org\/{rel}","templated":true}]}}