{"id":2879,"date":"2016-09-05T11:00:00","date_gmt":"2016-09-05T11:00:00","guid":{"rendered":"https:\/\/saloanoticias.mrmediaweb.com\/v1\/2016\/09\/05\/missa-de-30-dia-jose-antonio-do-leite\/"},"modified":"2016-09-05T11:00:00","modified_gmt":"2016-09-05T11:00:00","slug":"missa-de-30-dia-jose-antonio-do-leite","status":"publish","type":"post","link":"https:\/\/www.saloanoticias.com\/v1\/missa-de-30-dia-jose-antonio-do-leite\/","title":{"rendered":"MISSA DE 30\u00ba DIA: JOS\u00c9 ANT\u00d4NIO DO LEITE"},"content":{"rendered":"<p align=\"justify\"><font size=\"3\" face=\"Arial\"><a href=\"http:\/\/www.saloanoticias.com\/images\/z-antonio.jpg\"><img loading=\"lazy\" decoding=\"async\" title=\"z&eacute; antonio\" style=\"border-left-width: 0px; border-right-width: 0px; background-image: none; border-bottom-width: 0px; float: none; padding-top: 0px; padding-left: 0px; margin: 0px auto 10px; display: block; padding-right: 0px; border-top-width: 0px\" border=\"0\" alt=\"z&eacute; antonio\" src=\"http:\/\/www.saloanoticias.com\/v1\/wp-content\/uploads\/imagens\/z-antonio_thumb.jpg\" width=\"1347\" height=\"1087\"><\/a>Os pais, Z\u00e9 e Socorro do Leite, os irm\u00e3os, esposa, filhos e demais familiares, convidam todos os parentes e amigos para assistirem a missa de 30\u00ba dia que mandam celebrar em mem\u00f3ria da alma do saudoso, Jos\u00e9 Ant\u00f4nio Ara\u00fajo Souto (Z\u00e9 Ant\u00f4nio do Leite). A missa ser\u00e1 celebrada no pr\u00f3ximo s\u00e1bado, dia 10 de setembro de 2016, \u00e0s 16h, ou seja, 4 da tarde, pelo padre Jos\u00e9 Everaldo, na capela do Sagrado Cora\u00e7\u00e3o de Jesus na vila de Iatec\u00e1 (Prata), A fam\u00edlia agradece antecipadamente a todos que comparecerem a este ato de f\u00e9 e solidariedade crist\u00e3.<\/font><\/p>\n<div style=\"margin-top: 0px; margin-bottom: 0px;\" class=\"sharethis-inline-share-buttons\" ><\/div>","protected":false},"excerpt":{"rendered":"<p>Os pais, Z\u00e9 e Socorro do Leite, os irm\u00e3os, esposa, filhos e demais familiares, convidam todos os parentes e amigos para assistirem a missa de 30\u00ba dia que mandam celebrar em mem\u00f3ria da alma do saudoso, Jos\u00e9 Ant\u00f4nio Ara\u00fajo Souto (Z\u00e9 Ant\u00f4nio do Leite). A missa ser\u00e1 celebrada no pr\u00f3ximo s\u00e1bado, dia 10 de setembro [&hellip;]<\/p>\n","protected":false},"author":1,"featured_media":0,"comment_status":"open","ping_status":"open","sticky":false,"template":"","format":"standard","meta":{"footnotes":""},"categories":[2],"tags":[],"class_list":["post-2879","post","type-post","status-publish","format-standard","hentry","category-noticias-do-dia"],"_links":{"self":[{"href":"https:\/\/www.saloanoticias.com\/v1\/wp-json\/wp\/v2\/posts\/2879","targetHints":{"allow":["GET"]}}],"collection":[{"href":"https:\/\/www.saloanoticias.com\/v1\/wp-json\/wp\/v2\/posts"}],"about":[{"href":"https:\/\/www.saloanoticias.com\/v1\/wp-json\/wp\/v2\/types\/post"}],"author":[{"embeddable":true,"href":"https:\/\/www.saloanoticias.com\/v1\/wp-json\/wp\/v2\/users\/1"}],"replies":[{"embeddable":true,"href":"https:\/\/www.saloanoticias.com\/v1\/wp-json\/wp\/v2\/comments?post=2879"}],"version-history":[{"count":0,"href":"https:\/\/www.saloanoticias.com\/v1\/wp-json\/wp\/v2\/posts\/2879\/revisions"}],"wp:attachment":[{"href":"https:\/\/www.saloanoticias.com\/v1\/wp-json\/wp\/v2\/media?parent=2879"}],"wp:term":[{"taxonomy":"category","embeddable":true,"href":"https:\/\/www.saloanoticias.com\/v1\/wp-json\/wp\/v2\/categories?post=2879"},{"taxonomy":"post_tag","embeddable":true,"href":"https:\/\/www.saloanoticias.com\/v1\/wp-json\/wp\/v2\/tags?post=2879"}],"curies":[{"name":"wp","href":"https:\/\/api.w.org\/{rel}","templated":true}]}}