{"id":28778,"date":"2025-06-17T10:38:48","date_gmt":"2025-06-17T13:38:48","guid":{"rendered":"https:\/\/www.saloanoticias.com\/v1\/?p=28778"},"modified":"2025-06-17T11:16:19","modified_gmt":"2025-06-17T14:16:19","slug":"camara-municipal-e-tre-realizarao-audiencia-publica-para-debater-cadastramento-biometrico-eleitoral-em-saloa","status":"publish","type":"post","link":"https:\/\/www.saloanoticias.com\/v1\/camara-municipal-e-tre-realizarao-audiencia-publica-para-debater-cadastramento-biometrico-eleitoral-em-saloa\/","title":{"rendered":"C\u00e2mara Municipal e TRE\/PE realizar\u00e3o Audi\u00eancia P\u00fablica para debater Cadastramento Biom\u00e9trico Eleitoral em Salo\u00e1"},"content":{"rendered":"\n<p>A Justi\u00e7a Eleitoral de Pernambuco, em parceria com o Poder Legislativo de Salo\u00e1, promover\u00e1 uma audi\u00eancia p\u00fablica crucial para toda a popula\u00e7\u00e3o no pr\u00f3ximo dia 23 de julho de 2025 (segunda-feira), \u00e0s 14h.<\/p>\n\n\n\n<p>O evento acontecer\u00e1 no plen\u00e1rio da C\u00e2mara de Vereadores de Salo\u00e1 e ter\u00e1 como pauta principal o cadastramento biom\u00e9trico eleitoral, que est\u00e1 sendo realizado no munic\u00edpio. O debate p\u00fablico \u00e9 uma iniciativa do Tribunal Regional Eleitoral de Pernambuco (TRE\/PE) e visa esclarecer d\u00favidas, informar os cidad\u00e3os sobre a import\u00e2ncia da biometria e incentivar a participa\u00e7\u00e3o da popula\u00e7\u00e3o no processo de recadastramento.<\/p>\n\n\n\n<p>A biometria \u00e9 uma tecnologia que garante maior seguran\u00e7a e agilidade no processo de vota\u00e7\u00e3o, evitando fraudes e fortalecendo a democracia. Durante a audi\u00eancia, representantes do TRE\/PE estar\u00e3o presentes para explicar os procedimentos do cadastramento biom\u00e9trico, os prazos e as consequ\u00eancias para quem n\u00e3o realizar o recadastramento.<\/p>\n\n\n\n<p>Ser\u00e1 uma oportunidade para os eleitores de Salo\u00e1 tirarem suas d\u00favidas diretamente com os especialistas, compreendendo melhor os benef\u00edcios e a obrigatoriedade do processo. A C\u00e2mara de Vereadores de Salo\u00e1, ao sediar e apoiar este evento, demonstra seu compromisso com a cidadania e com a garantia de que todos os eleitores do munic\u00edpio tenham acesso \u00e0s informa\u00e7\u00f5es necess\u00e1rias para exercer seu direito ao voto de forma plena e segura.<\/p>\n\n\n\n<p>A participa\u00e7\u00e3o da popula\u00e7\u00e3o \u00e9 fundamental. A audi\u00eancia p\u00fablica \u00e9 um espa\u00e7o democr\u00e1tico para que todos possam contribuir com suas perguntas e sugest\u00f5es, garantindo que o processo de cadastramento biom\u00e9trico em Salo\u00e1 seja o mais transparente e eficiente poss\u00edvel.<\/p>\n\n\n<div class=\"wp-block-image\">\n<figure class=\"aligncenter size-full is-resized\"><img loading=\"lazy\" decoding=\"async\" width=\"500\" height=\"500\" src=\"https:\/\/www.saloanoticias.com\/v1\/wp-content\/uploads\/2025\/06\/WhatsApp-Image-2025-06-17-at-09.45.35.jpeg\" alt=\"\" class=\"wp-image-28779\" style=\"width:840px;height:auto\" srcset=\"https:\/\/www.saloanoticias.com\/v1\/wp-content\/uploads\/2025\/06\/WhatsApp-Image-2025-06-17-at-09.45.35.jpeg 500w, https:\/\/www.saloanoticias.com\/v1\/wp-content\/uploads\/2025\/06\/WhatsApp-Image-2025-06-17-at-09.45.35-300x300.jpeg 300w, https:\/\/www.saloanoticias.com\/v1\/wp-content\/uploads\/2025\/06\/WhatsApp-Image-2025-06-17-at-09.45.35-150x150.jpeg 150w, https:\/\/www.saloanoticias.com\/v1\/wp-content\/uploads\/2025\/06\/WhatsApp-Image-2025-06-17-at-09.45.35-80x80.jpeg 80w\" sizes=\"auto, (max-width: 500px) 100vw, 500px\" \/><\/figure>\n<\/div><div style=\"margin-top: 0px; margin-bottom: 0px;\" class=\"sharethis-inline-share-buttons\" ><\/div>","protected":false},"excerpt":{"rendered":"<p>A Justi\u00e7a Eleitoral de Pernambuco, em parceria com o Poder Legislativo de Salo\u00e1, promover\u00e1 uma audi\u00eancia p\u00fablica crucial para toda a popula\u00e7\u00e3o no pr\u00f3ximo dia 23 de julho de 2025 (segunda-feira), \u00e0s 14h. O evento acontecer\u00e1 no plen\u00e1rio da C\u00e2mara de Vereadores de Salo\u00e1 e ter\u00e1 como pauta principal o cadastramento biom\u00e9trico eleitoral, que est\u00e1 [&hellip;]<\/p>\n","protected":false},"author":1,"featured_media":28781,"comment_status":"closed","ping_status":"closed","sticky":false,"template":"","format":"standard","meta":{"footnotes":""},"categories":[21],"tags":[22],"class_list":["post-28778","post","type-post","status-publish","format-standard","has-post-thumbnail","hentry","category-cidade","tag-destaques"],"_links":{"self":[{"href":"https:\/\/www.saloanoticias.com\/v1\/wp-json\/wp\/v2\/posts\/28778","targetHints":{"allow":["GET"]}}],"collection":[{"href":"https:\/\/www.saloanoticias.com\/v1\/wp-json\/wp\/v2\/posts"}],"about":[{"href":"https:\/\/www.saloanoticias.com\/v1\/wp-json\/wp\/v2\/types\/post"}],"author":[{"embeddable":true,"href":"https:\/\/www.saloanoticias.com\/v1\/wp-json\/wp\/v2\/users\/1"}],"replies":[{"embeddable":true,"href":"https:\/\/www.saloanoticias.com\/v1\/wp-json\/wp\/v2\/comments?post=28778"}],"version-history":[{"count":4,"href":"https:\/\/www.saloanoticias.com\/v1\/wp-json\/wp\/v2\/posts\/28778\/revisions"}],"predecessor-version":[{"id":28785,"href":"https:\/\/www.saloanoticias.com\/v1\/wp-json\/wp\/v2\/posts\/28778\/revisions\/28785"}],"wp:featuredmedia":[{"embeddable":true,"href":"https:\/\/www.saloanoticias.com\/v1\/wp-json\/wp\/v2\/media\/28781"}],"wp:attachment":[{"href":"https:\/\/www.saloanoticias.com\/v1\/wp-json\/wp\/v2\/media?parent=28778"}],"wp:term":[{"taxonomy":"category","embeddable":true,"href":"https:\/\/www.saloanoticias.com\/v1\/wp-json\/wp\/v2\/categories?post=28778"},{"taxonomy":"post_tag","embeddable":true,"href":"https:\/\/www.saloanoticias.com\/v1\/wp-json\/wp\/v2\/tags?post=28778"}],"curies":[{"name":"wp","href":"https:\/\/api.w.org\/{rel}","templated":true}]}}