{"id":2877,"date":"2016-09-04T11:00:00","date_gmt":"2016-09-04T11:00:00","guid":{"rendered":"https:\/\/saloanoticias.mrmediaweb.com\/v1\/2016\/09\/04\/nota-de-falecimento-aristar-cassimiro-de-freitas\/"},"modified":"2016-09-04T11:00:00","modified_gmt":"2016-09-04T11:00:00","slug":"nota-de-falecimento-aristar-cassimiro-de-freitas","status":"publish","type":"post","link":"https:\/\/www.saloanoticias.com\/v1\/nota-de-falecimento-aristar-cassimiro-de-freitas\/","title":{"rendered":"\u201cNOTA FALECIMENTO:\u201d ARISTAR CASSIMIRO DE FREITAS (SR. PI\u00daTA)"},"content":{"rendered":"<p align=\"justify\"><font size=\"3\" face=\"Arial\"><a href=\"http:\/\/www.saloanoticias.com\/images\/nota-de-falecimento_bcc2c8f065a6eda2de806f2b143b045c.png\"><img loading=\"lazy\" decoding=\"async\" title=\"Nota de Falecimento\" style=\"border-top: 0px; border-right: 0px; background-image: none; border-bottom: 0px; float: left; padding-top: 0px; padding-left: 0px; margin: 5px 5px 0px 0px; border-left: 0px; display: inline; padding-right: 0px\" border=\"0\" alt=\"Nota de Falecimento\" src=\"http:\/\/www.saloanoticias.com\/v1\/wp-content\/uploads\/imagens\/nota-de-falecimento_thumb_41e067c5056772b8835a4252b7377903.png\" width=\"270\" align=\"left\" height=\"169\"><\/a>Faleceu na noite deste s\u00e1bado, dia 3 de setembro de 2016, o Sr. Aristar Cassimiro de Freitas, mais conhecido por \u201cSr. Pi\u00fata\u201d. O corpo est\u00e1 sendo velado na resid\u00eancia da fam\u00edlia que fica na Rua Rold\u00e3o Ten\u00f3rio Cavalcante, no centro de Salo\u00e1\/PE. Desde j\u00e1 os filhos, netos e demais familiares agradecem a todos os que puderam comparecer ao vel\u00f3rio e sepultamento que acontecer\u00e1 \u00e0s 16h, ou seja, 4 da tarde deste domingo, dia 4, no Cemit\u00e9rio de Santa Quit\u00e9ria em Salo\u00e1.<\/font><\/p>\n<div style=\"margin-top: 0px; margin-bottom: 0px;\" class=\"sharethis-inline-share-buttons\" ><\/div>","protected":false},"excerpt":{"rendered":"<p>Faleceu na noite deste s\u00e1bado, dia 3 de setembro de 2016, o Sr. Aristar Cassimiro de Freitas, mais conhecido por \u201cSr. Pi\u00fata\u201d. O corpo est\u00e1 sendo velado na resid\u00eancia da fam\u00edlia que fica na Rua Rold\u00e3o Ten\u00f3rio Cavalcante, no centro de Salo\u00e1\/PE. Desde j\u00e1 os filhos, netos e demais familiares agradecem a todos os que [&hellip;]<\/p>\n","protected":false},"author":1,"featured_media":0,"comment_status":"open","ping_status":"open","sticky":false,"template":"","format":"standard","meta":{"footnotes":""},"categories":[2],"tags":[],"class_list":["post-2877","post","type-post","status-publish","format-standard","hentry","category-noticias-do-dia"],"_links":{"self":[{"href":"https:\/\/www.saloanoticias.com\/v1\/wp-json\/wp\/v2\/posts\/2877","targetHints":{"allow":["GET"]}}],"collection":[{"href":"https:\/\/www.saloanoticias.com\/v1\/wp-json\/wp\/v2\/posts"}],"about":[{"href":"https:\/\/www.saloanoticias.com\/v1\/wp-json\/wp\/v2\/types\/post"}],"author":[{"embeddable":true,"href":"https:\/\/www.saloanoticias.com\/v1\/wp-json\/wp\/v2\/users\/1"}],"replies":[{"embeddable":true,"href":"https:\/\/www.saloanoticias.com\/v1\/wp-json\/wp\/v2\/comments?post=2877"}],"version-history":[{"count":0,"href":"https:\/\/www.saloanoticias.com\/v1\/wp-json\/wp\/v2\/posts\/2877\/revisions"}],"wp:attachment":[{"href":"https:\/\/www.saloanoticias.com\/v1\/wp-json\/wp\/v2\/media?parent=2877"}],"wp:term":[{"taxonomy":"category","embeddable":true,"href":"https:\/\/www.saloanoticias.com\/v1\/wp-json\/wp\/v2\/categories?post=2877"},{"taxonomy":"post_tag","embeddable":true,"href":"https:\/\/www.saloanoticias.com\/v1\/wp-json\/wp\/v2\/tags?post=2877"}],"curies":[{"name":"wp","href":"https:\/\/api.w.org\/{rel}","templated":true}]}}