{"id":28768,"date":"2025-06-14T23:39:47","date_gmt":"2025-06-15T02:39:47","guid":{"rendered":"https:\/\/www.saloanoticias.com\/v1\/?p=28768"},"modified":"2025-06-14T23:41:59","modified_gmt":"2025-06-15T02:41:59","slug":"atleta-saloaense-neto-conquista-medalha-de-prata-na-primeira-etapa-do-pernambucano-de-judo","status":"publish","type":"post","link":"https:\/\/www.saloanoticias.com\/v1\/atleta-saloaense-neto-conquista-medalha-de-prata-na-primeira-etapa-do-pernambucano-de-judo\/","title":{"rendered":"Atleta saloaense Neto conquista medalha de prata na primeira etapa do Pernambucano de Jud\u00f4"},"content":{"rendered":"\n<p>O jovem atleta saloaense Neto brilhou mais uma vez nos tatames ao conquistar a medalha de prata na primeira etapa do Campeonato Pernambucano de Jud\u00f4, realizada neste fim de semana na cidade de Igarassu.<\/p>\n\n\n\n<p>A competi\u00e7\u00e3o reuniu atletas de todo o estado em disputas de alto n\u00edvel t\u00e9cnico, servindo como seletiva para eventos regionais e nacionais. Com garra e determina\u00e7\u00e3o, Neto representou com orgulho a cidade de Salo\u00e1, enfrentando advers\u00e1rios experientes e mostrando um excelente desempenho em todas as lutas.<\/p>\n\n\n\n<p>A conquista da prata \u00e9 resultado de muito treino, disciplina e dedica\u00e7\u00e3o, e refor\u00e7a o potencial do atleta no cen\u00e1rio estadual do jud\u00f4. A vit\u00f3ria \u00e9 tamb\u00e9m um orgulho para o esporte saloaense e serve de inspira\u00e7\u00e3o para outros jovens que sonham em seguir no caminho do esporte.<\/p>\n\n\n\n<p>A comunidade local parabeniza Neto e sua equipe pelo excelente resultado, desejando ainda mais conquistas nas pr\u00f3ximas etapas do campeonato.<\/p>\n<div style=\"margin-top: 0px; margin-bottom: 0px;\" class=\"sharethis-inline-share-buttons\" ><\/div>","protected":false},"excerpt":{"rendered":"<p>O jovem atleta saloaense Neto brilhou mais uma vez nos tatames ao conquistar a medalha de prata na primeira etapa do Campeonato Pernambucano de Jud\u00f4, realizada neste fim de semana na cidade de Igarassu. A competi\u00e7\u00e3o reuniu atletas de todo o estado em disputas de alto n\u00edvel t\u00e9cnico, servindo como seletiva para eventos regionais e [&hellip;]<\/p>\n","protected":false},"author":1,"featured_media":28769,"comment_status":"closed","ping_status":"closed","sticky":false,"template":"","format":"standard","meta":{"footnotes":""},"categories":[27],"tags":[22],"class_list":["post-28768","post","type-post","status-publish","format-standard","has-post-thumbnail","hentry","category-esportes","tag-destaques"],"_links":{"self":[{"href":"https:\/\/www.saloanoticias.com\/v1\/wp-json\/wp\/v2\/posts\/28768","targetHints":{"allow":["GET"]}}],"collection":[{"href":"https:\/\/www.saloanoticias.com\/v1\/wp-json\/wp\/v2\/posts"}],"about":[{"href":"https:\/\/www.saloanoticias.com\/v1\/wp-json\/wp\/v2\/types\/post"}],"author":[{"embeddable":true,"href":"https:\/\/www.saloanoticias.com\/v1\/wp-json\/wp\/v2\/users\/1"}],"replies":[{"embeddable":true,"href":"https:\/\/www.saloanoticias.com\/v1\/wp-json\/wp\/v2\/comments?post=28768"}],"version-history":[{"count":2,"href":"https:\/\/www.saloanoticias.com\/v1\/wp-json\/wp\/v2\/posts\/28768\/revisions"}],"predecessor-version":[{"id":28772,"href":"https:\/\/www.saloanoticias.com\/v1\/wp-json\/wp\/v2\/posts\/28768\/revisions\/28772"}],"wp:featuredmedia":[{"embeddable":true,"href":"https:\/\/www.saloanoticias.com\/v1\/wp-json\/wp\/v2\/media\/28769"}],"wp:attachment":[{"href":"https:\/\/www.saloanoticias.com\/v1\/wp-json\/wp\/v2\/media?parent=28768"}],"wp:term":[{"taxonomy":"category","embeddable":true,"href":"https:\/\/www.saloanoticias.com\/v1\/wp-json\/wp\/v2\/categories?post=28768"},{"taxonomy":"post_tag","embeddable":true,"href":"https:\/\/www.saloanoticias.com\/v1\/wp-json\/wp\/v2\/tags?post=28768"}],"curies":[{"name":"wp","href":"https:\/\/api.w.org\/{rel}","templated":true}]}}