{"id":2876,"date":"2016-09-03T11:00:00","date_gmt":"2016-09-03T11:00:00","guid":{"rendered":"https:\/\/saloanoticias.mrmediaweb.com\/v1\/2016\/09\/03\/dr-alison-camara-nao-e-mais-delegado-de-saloa\/"},"modified":"2016-09-03T11:00:00","modified_gmt":"2016-09-03T11:00:00","slug":"dr-alison-camara-nao-e-mais-delegado-de-saloa","status":"publish","type":"post","link":"https:\/\/www.saloanoticias.com\/v1\/dr-alison-camara-nao-e-mais-delegado-de-saloa\/","title":{"rendered":"DR. ALISON C\u00c2MARA N\u00c3O \u00c9 MAIS DELEGADO DE POL\u00cdCIA DE SALO\u00c1\/PE"},"content":{"rendered":"<p align=\"justify\"><font size=\"3\" face=\"Arial\"><a href=\"http:\/\/www.saloanoticias.com\/images\/dr.-alysson_859fbb02ef7b6ef059c65cf661eb5de5.jpg\"><img loading=\"lazy\" decoding=\"async\" title=\"Dr. Alysson\" style=\"border-top: 0px; border-right: 0px; background-image: none; border-bottom: 0px; float: none; padding-top: 0px; padding-left: 0px; margin: 0px auto 10px; border-left: 0px; display: block; padding-right: 0px\" border=\"0\" alt=\"Dr. Alysson\" src=\"http:\/\/www.saloanoticias.com\/v1\/wp-content\/uploads\/imagens\/dr.-alysson_thumb_edb14606fde103731f2aee116812e36a.jpg\" width=\"1320\" height=\"1006\"><\/a>Na tarde do dia 01.09.16, a ADEPPE &#8211; Associa\u00e7\u00e3o de Delegados de Pol\u00edcia de Pernambuco (Adeppe) anunciou, que com o objetivo de pressionar o Governo do Estado a trazer solu\u00e7\u00f5es \u00e0 falta de condi\u00e7\u00f5es de trabalho dos servidores, 217 delegados decidiram sair ou deixar de aderir ao Programa de Jornada Extra de Seguran\u00e7a (PJES) em todo o estado. <\/font><font size=\"3\" face=\"Arial\">O programa permite que os delegados fa\u00e7am at\u00e9 10 plant\u00f5es de 12 horas ao longo de um m\u00eas,&nbsp; al\u00e9m de cobrir eventuais brechas nas escalas da seguran\u00e7a p\u00fablica.<\/font><\/p>\n<p align=\"justify\"><font size=\"3\" face=\"Arial\">Com a decis\u00e3o, 90 delegacias em todo o Estado devem ser fechadas ou ter o atendimento prejudicado. <\/font><font size=\"3\" face=\"Arial\">Das 21 delegacias que fazem parte da 18\u00aa DESEC \/ Garanhuns, 15 ficar\u00e3o sem delegados titulares, a exemplo de Lajedo, Caet\u00e9s, Brej\u00e3o, Cal\u00e7ado, Canhotinho e Salo\u00e1, que tinha como delegado titular o Dr. Alison C\u00e2mara. Pelas informa\u00e7\u00f5es repassadas, que assumir\u00e1 de forma substituta o munic\u00edpio \u00e9 o Dr. Heliantus, que inclusive j\u00e1 foi delegado do munic\u00edpio em outras oportunidades. Fonte: Blog da Arlete Santos<\/font><\/p>\n<div style=\"margin-top: 0px; margin-bottom: 0px;\" class=\"sharethis-inline-share-buttons\" ><\/div>","protected":false},"excerpt":{"rendered":"<p>Na tarde do dia 01.09.16, a ADEPPE &#8211; Associa\u00e7\u00e3o de Delegados de Pol\u00edcia de Pernambuco (Adeppe) anunciou, que com o objetivo de pressionar o Governo do Estado a trazer solu\u00e7\u00f5es \u00e0 falta de condi\u00e7\u00f5es de trabalho dos servidores, 217 delegados decidiram sair ou deixar de aderir ao Programa de Jornada Extra de Seguran\u00e7a (PJES) em [&hellip;]<\/p>\n","protected":false},"author":1,"featured_media":0,"comment_status":"open","ping_status":"open","sticky":false,"template":"","format":"standard","meta":{"footnotes":""},"categories":[2],"tags":[],"class_list":["post-2876","post","type-post","status-publish","format-standard","hentry","category-noticias-do-dia"],"_links":{"self":[{"href":"https:\/\/www.saloanoticias.com\/v1\/wp-json\/wp\/v2\/posts\/2876","targetHints":{"allow":["GET"]}}],"collection":[{"href":"https:\/\/www.saloanoticias.com\/v1\/wp-json\/wp\/v2\/posts"}],"about":[{"href":"https:\/\/www.saloanoticias.com\/v1\/wp-json\/wp\/v2\/types\/post"}],"author":[{"embeddable":true,"href":"https:\/\/www.saloanoticias.com\/v1\/wp-json\/wp\/v2\/users\/1"}],"replies":[{"embeddable":true,"href":"https:\/\/www.saloanoticias.com\/v1\/wp-json\/wp\/v2\/comments?post=2876"}],"version-history":[{"count":0,"href":"https:\/\/www.saloanoticias.com\/v1\/wp-json\/wp\/v2\/posts\/2876\/revisions"}],"wp:attachment":[{"href":"https:\/\/www.saloanoticias.com\/v1\/wp-json\/wp\/v2\/media?parent=2876"}],"wp:term":[{"taxonomy":"category","embeddable":true,"href":"https:\/\/www.saloanoticias.com\/v1\/wp-json\/wp\/v2\/categories?post=2876"},{"taxonomy":"post_tag","embeddable":true,"href":"https:\/\/www.saloanoticias.com\/v1\/wp-json\/wp\/v2\/tags?post=2876"}],"curies":[{"name":"wp","href":"https:\/\/api.w.org\/{rel}","templated":true}]}}