{"id":28746,"date":"2025-06-11T12:21:55","date_gmt":"2025-06-11T15:21:55","guid":{"rendered":"https:\/\/www.saloanoticias.com\/v1\/?p=28746"},"modified":"2025-06-11T12:46:37","modified_gmt":"2025-06-11T15:46:37","slug":"saloa-abre-o-sao-joao-2025-com-sucesso-de-publico-e-anuncio-de-13o-salario-para-servidores","status":"publish","type":"post","link":"https:\/\/www.saloanoticias.com\/v1\/saloa-abre-o-sao-joao-2025-com-sucesso-de-publico-e-anuncio-de-13o-salario-para-servidores\/","title":{"rendered":"Salo\u00e1 abre o S\u00e3o Jo\u00e3o 2025 com sucesso de p\u00fablico e an\u00fancio de 13\u00ba sal\u00e1rio para servidores"},"content":{"rendered":"\n<p>A noite desta ter\u00e7a-feira, 10 de junho de 2025, marcou um cap\u00edtulo inesquec\u00edvel na hist\u00f3ria das festas juninas de Salo\u00e1. A abertura oficial do S\u00e3o Jo\u00e3o de Todos os Tempos 2025, na Pra\u00e7a de Eventos Agamenon Magalh\u00e3es, foi um sucesso estrondoso, reunindo uma verdadeira multid\u00e3o que vibrou ao som de grandes nomes como Mano Walter, Rey Vaqueiro e J\u00fanior Viana.<\/p>\n\n\n<div class=\"wp-block-image\">\n<figure class=\"aligncenter size-large\"><img loading=\"lazy\" decoding=\"async\" width=\"1024\" height=\"678\" src=\"https:\/\/www.saloanoticias.com\/v1\/wp-content\/uploads\/2025\/06\/IMG_6751-1024x678.jpeg\" alt=\"\" class=\"wp-image-28754\" srcset=\"https:\/\/www.saloanoticias.com\/v1\/wp-content\/uploads\/2025\/06\/IMG_6751-1024x678.jpeg 1024w, https:\/\/www.saloanoticias.com\/v1\/wp-content\/uploads\/2025\/06\/IMG_6751-300x199.jpeg 300w, https:\/\/www.saloanoticias.com\/v1\/wp-content\/uploads\/2025\/06\/IMG_6751-768x509.jpeg 768w, https:\/\/www.saloanoticias.com\/v1\/wp-content\/uploads\/2025\/06\/IMG_6751-1536x1017.jpeg 1536w, https:\/\/www.saloanoticias.com\/v1\/wp-content\/uploads\/2025\/06\/IMG_6751-2048x1356.jpeg 2048w\" sizes=\"auto, (max-width: 1024px) 100vw, 1024px\" \/><\/figure>\n<\/div>\n\n\n<p>A Pra\u00e7a de Eventos ficou completamente lotada, com forrozeiros de todas as idades cantando e dan\u00e7ando, confirmando a expectativa de uma das maiores aberturas de S\u00e3o Jo\u00e3o da regi\u00e3o. A superestrutura montada pela Prefeitura Municipal, com apoio do Governo do Estado, garantiu conforto, seguran\u00e7a e uma experi\u00eancia de alta qualidade para o p\u00fablico.<\/p>\n\n\n<div class=\"wp-block-image\">\n<figure class=\"aligncenter size-large\"><img loading=\"lazy\" decoding=\"async\" width=\"1024\" height=\"678\" src=\"https:\/\/www.saloanoticias.com\/v1\/wp-content\/uploads\/2025\/06\/IMG_6748-1024x678.jpeg\" alt=\"\" class=\"wp-image-28749\" srcset=\"https:\/\/www.saloanoticias.com\/v1\/wp-content\/uploads\/2025\/06\/IMG_6748-1024x678.jpeg 1024w, https:\/\/www.saloanoticias.com\/v1\/wp-content\/uploads\/2025\/06\/IMG_6748-300x199.jpeg 300w, https:\/\/www.saloanoticias.com\/v1\/wp-content\/uploads\/2025\/06\/IMG_6748-768x509.jpeg 768w, https:\/\/www.saloanoticias.com\/v1\/wp-content\/uploads\/2025\/06\/IMG_6748-1536x1017.jpeg 1536w, https:\/\/www.saloanoticias.com\/v1\/wp-content\/uploads\/2025\/06\/IMG_6748-2048x1356.jpeg 2048w\" sizes=\"auto, (max-width: 1024px) 100vw, 1024px\" \/><\/figure>\n<\/div>\n\n\n<p>Al\u00e9m da festa e da alegria, a noite trouxe uma excelente not\u00edcia para a economia local. Do palco principal, o prefeito J\u00fanior de Rivaldo fez um an\u00fancio que foi recebido com aplausos e entusiasmo: o pagamento do 13\u00ba sal\u00e1rio para os servidores municipais.<\/p>\n\n\n\n<p>A medida, que injetar\u00e1 um volume significativo de recursos na economia da cidade, \u00e9 um reconhecimento ao trabalho dos funcion\u00e1rios p\u00fablicos e uma forma de impulsionar o com\u00e9rcio e os servi\u00e7os durante o per\u00edodo junino.<\/p>\n\n\n<div class=\"wp-block-image\">\n<figure class=\"aligncenter size-large\"><img loading=\"lazy\" decoding=\"async\" width=\"1024\" height=\"678\" src=\"https:\/\/www.saloanoticias.com\/v1\/wp-content\/uploads\/2025\/06\/IMG_6752-1024x678.jpeg\" alt=\"\" class=\"wp-image-28751\" srcset=\"https:\/\/www.saloanoticias.com\/v1\/wp-content\/uploads\/2025\/06\/IMG_6752-1024x678.jpeg 1024w, https:\/\/www.saloanoticias.com\/v1\/wp-content\/uploads\/2025\/06\/IMG_6752-300x199.jpeg 300w, https:\/\/www.saloanoticias.com\/v1\/wp-content\/uploads\/2025\/06\/IMG_6752-768x509.jpeg 768w, https:\/\/www.saloanoticias.com\/v1\/wp-content\/uploads\/2025\/06\/IMG_6752-1536x1017.jpeg 1536w, https:\/\/www.saloanoticias.com\/v1\/wp-content\/uploads\/2025\/06\/IMG_6752-2048x1356.jpeg 2048w\" sizes=\"auto, (max-width: 1024px) 100vw, 1024px\" \/><\/figure>\n<\/div>\n\n\n<p>&#8220;\u00c9 uma alegria imensa ver essa pra\u00e7a lotada, celebrando o nosso S\u00e3o Jo\u00e3o. E a alegria \u00e9 ainda maior em poder anunciar que estamos pagando o 13\u00ba sal\u00e1rio aos nossos servidores, movimentando a economia e garantindo que todos possam aproveitar plenamente esta festa t\u00e3o importante para Salo\u00e1&#8221;, declarou o prefeito J\u00fanior de Rivaldo durante seu pronunciamento.<\/p>\n\n\n<div class=\"wp-block-image\">\n<figure class=\"aligncenter size-large\"><img loading=\"lazy\" decoding=\"async\" width=\"1024\" height=\"684\" src=\"https:\/\/www.saloanoticias.com\/v1\/wp-content\/uploads\/2025\/06\/IMG_6750-1024x684.jpeg\" alt=\"\" class=\"wp-image-28753\" srcset=\"https:\/\/www.saloanoticias.com\/v1\/wp-content\/uploads\/2025\/06\/IMG_6750-1024x684.jpeg 1024w, https:\/\/www.saloanoticias.com\/v1\/wp-content\/uploads\/2025\/06\/IMG_6750-300x200.jpeg 300w, https:\/\/www.saloanoticias.com\/v1\/wp-content\/uploads\/2025\/06\/IMG_6750-768x513.jpeg 768w, https:\/\/www.saloanoticias.com\/v1\/wp-content\/uploads\/2025\/06\/IMG_6750-1536x1026.jpeg 1536w, https:\/\/www.saloanoticias.com\/v1\/wp-content\/uploads\/2025\/06\/IMG_6750-2048x1368.jpeg 2048w\" sizes=\"auto, (max-width: 1024px) 100vw, 1024px\" \/><\/figure>\n<\/div>\n\n\n<p>O sucesso da abertura do S\u00e3o Jo\u00e3o 2025, aliado ao an\u00fancio do pagamento do 13\u00ba sal\u00e1rio, cria um ambiente de otimismo e celebra\u00e7\u00e3o em Salo\u00e1. A cidade demonstra, mais uma vez, sua capacidade de realizar grandes eventos e seu compromisso em valorizar seus trabalhadores e fomentar o desenvolvimento local, tornando o per\u00edodo junino ainda mais especial para todos. Fotos: Rai Henrique <\/p>\n\n\n<div class=\"wp-block-image\">\n<figure class=\"aligncenter size-large\"><img loading=\"lazy\" decoding=\"async\" width=\"1024\" height=\"678\" src=\"https:\/\/www.saloanoticias.com\/v1\/wp-content\/uploads\/2025\/06\/IMG_6747-1024x678.jpeg\" alt=\"\" class=\"wp-image-28752\" srcset=\"https:\/\/www.saloanoticias.com\/v1\/wp-content\/uploads\/2025\/06\/IMG_6747-1024x678.jpeg 1024w, https:\/\/www.saloanoticias.com\/v1\/wp-content\/uploads\/2025\/06\/IMG_6747-300x199.jpeg 300w, https:\/\/www.saloanoticias.com\/v1\/wp-content\/uploads\/2025\/06\/IMG_6747-768x509.jpeg 768w, https:\/\/www.saloanoticias.com\/v1\/wp-content\/uploads\/2025\/06\/IMG_6747-1536x1017.jpeg 1536w, https:\/\/www.saloanoticias.com\/v1\/wp-content\/uploads\/2025\/06\/IMG_6747-2048x1356.jpeg 2048w\" sizes=\"auto, (max-width: 1024px) 100vw, 1024px\" \/><\/figure>\n<\/div><div style=\"margin-top: 0px; margin-bottom: 0px;\" class=\"sharethis-inline-share-buttons\" ><\/div>","protected":false},"excerpt":{"rendered":"<p>A noite desta ter\u00e7a-feira, 10 de junho de 2025, marcou um cap\u00edtulo inesquec\u00edvel na hist\u00f3ria das festas juninas de Salo\u00e1. A abertura oficial do S\u00e3o Jo\u00e3o de Todos os Tempos 2025, na Pra\u00e7a de Eventos Agamenon Magalh\u00e3es, foi um sucesso estrondoso, reunindo uma verdadeira multid\u00e3o que vibrou ao som de grandes nomes como Mano Walter, [&hellip;]<\/p>\n","protected":false},"author":1,"featured_media":28748,"comment_status":"closed","ping_status":"closed","sticky":false,"template":"","format":"standard","meta":{"footnotes":""},"categories":[21],"tags":[22],"class_list":["post-28746","post","type-post","status-publish","format-standard","has-post-thumbnail","hentry","category-cidade","tag-destaques"],"_links":{"self":[{"href":"https:\/\/www.saloanoticias.com\/v1\/wp-json\/wp\/v2\/posts\/28746","targetHints":{"allow":["GET"]}}],"collection":[{"href":"https:\/\/www.saloanoticias.com\/v1\/wp-json\/wp\/v2\/posts"}],"about":[{"href":"https:\/\/www.saloanoticias.com\/v1\/wp-json\/wp\/v2\/types\/post"}],"author":[{"embeddable":true,"href":"https:\/\/www.saloanoticias.com\/v1\/wp-json\/wp\/v2\/users\/1"}],"replies":[{"embeddable":true,"href":"https:\/\/www.saloanoticias.com\/v1\/wp-json\/wp\/v2\/comments?post=28746"}],"version-history":[{"count":2,"href":"https:\/\/www.saloanoticias.com\/v1\/wp-json\/wp\/v2\/posts\/28746\/revisions"}],"predecessor-version":[{"id":28755,"href":"https:\/\/www.saloanoticias.com\/v1\/wp-json\/wp\/v2\/posts\/28746\/revisions\/28755"}],"wp:featuredmedia":[{"embeddable":true,"href":"https:\/\/www.saloanoticias.com\/v1\/wp-json\/wp\/v2\/media\/28748"}],"wp:attachment":[{"href":"https:\/\/www.saloanoticias.com\/v1\/wp-json\/wp\/v2\/media?parent=28746"}],"wp:term":[{"taxonomy":"category","embeddable":true,"href":"https:\/\/www.saloanoticias.com\/v1\/wp-json\/wp\/v2\/categories?post=28746"},{"taxonomy":"post_tag","embeddable":true,"href":"https:\/\/www.saloanoticias.com\/v1\/wp-json\/wp\/v2\/tags?post=28746"}],"curies":[{"name":"wp","href":"https:\/\/api.w.org\/{rel}","templated":true}]}}