{"id":2874,"date":"2016-09-01T23:00:00","date_gmt":"2016-09-01T23:00:00","guid":{"rendered":"https:\/\/saloanoticias.mrmediaweb.com\/v1\/2016\/09\/01\/ricardo-deve-ter-vitoria-tranquila-segundo-o-blog-do-roberto-almeida\/"},"modified":"2016-09-01T23:00:00","modified_gmt":"2016-09-01T23:00:00","slug":"ricardo-deve-ter-vitoria-tranquila-segundo-o-blog-do-roberto-almeida","status":"publish","type":"post","link":"https:\/\/www.saloanoticias.com\/v1\/ricardo-deve-ter-vitoria-tranquila-segundo-o-blog-do-roberto-almeida\/","title":{"rendered":"\u201cRICARDO DEVE TER VIT\u00d3RIA TRANQUILA\u201d, SEGUNDO O BLOG DO ROBERTO ALMEIDA"},"content":{"rendered":"<p align=\"justify\"><font size=\"3\" face=\"Arial\"><a href=\"http:\/\/www.saloanoticias.com\/images\/14040175_624943347667798_8514395372883999960_n_e77415f76e16b4f1e3f8c46bf8cafb0a.jpg\"><img loading=\"lazy\" decoding=\"async\" title=\"14040175_624943347667798_8514395372883999960_n\" style=\"border-top: 0px; border-right: 0px; background-image: none; border-bottom: 0px; float: left; padding-top: 0px; padding-left: 0px; margin: 5px 5px 0px 0px; border-left: 0px; display: inline; padding-right: 0px\" border=\"0\" alt=\"14040175_624943347667798_8514395372883999960_n\" src=\"http:\/\/www.saloanoticias.com\/v1\/wp-content\/uploads\/imagens\/14040175_624943347667798_8514395372883999960_n_thumb_84dafd110d8c32a0713148e18a2b38ab.jpg\" width=\"240\" align=\"left\" height=\"224\"><\/a>DO BLOG DO ROBERTO ALMEIDA: Uma leitora do blog, que podemos identificar como Joana Oliveira, gostou da reportagem publicada sobre os poss\u00edveis campe\u00f5es de voto na elei\u00e7\u00e3o deste ano, no Agreste Meridional. <\/font><font size=\"3\" face=\"Arial\">Na referida mat\u00e9ria foram citados os prefeitos Iza\u00edas R\u00e9gis (PTB), Dannilo Godoy (PSB) e Armando Duarte (PTB) como fortes candidatos para ficar com o <i>trof\u00e9u de mais votados em 2016<\/i>, em termos proporcionais ao eleitorado de cada munic\u00edpio. <\/font><font size=\"3\" face=\"Arial\">Joana acha que al\u00e9m dos tr\u00eas gestores citados, mais tr\u00eas podem ser inclu\u00eddos na rela\u00e7\u00e3o, porque devem ter vota\u00e7\u00f5es estrondosas em seus munic\u00edpios.<\/font> <\/p>\n<p align=\"justify\"><font size=\"3\" face=\"Arial\">\u201cPelo que acompanho das campanhas, pela presen\u00e7a de p\u00fablico nos com\u00edcios acredito que Valmir do Leite, em Paranatama; Rossine em Lajedo e Ricardo, em Salo\u00e1, tamb\u00e9m v\u00e3o obter \u00edndices muito acima dos advers\u00e1rios e qualquer um deles pode ser o campe\u00e3o de votos do Agreste&#8221;, comentou a jovem, que mora em Garanhuns. <\/font><font size=\"3\" face=\"Arial\">Em Salo\u00e1 concorrem \u00e0 elei\u00e7\u00e3o o atual prefeito, Ricardo Alves (PMDB), Girlan Pereira (PTB) e Luiz de Ab\u00edlio (PRP). J\u00e1 em Paranatama est\u00e3o na disputa o atual vice-prefeito Valmir do Leite (PSB) e Enilda Leonel, da coliga\u00e7\u00e3o PTB\/PT. <\/font><font size=\"3\" face=\"Arial\">No munic\u00edpio de Lajedo o prefeito Rossine Blesmany (PSD) disputa a reelei\u00e7\u00e3o, tendo como advers\u00e1rio Ant\u00f4nio Jo\u00e3o Dourado (PSB).<\/font><\/p>\n<div style=\"margin-top: 0px; margin-bottom: 0px;\" class=\"sharethis-inline-share-buttons\" ><\/div>","protected":false},"excerpt":{"rendered":"<p>DO BLOG DO ROBERTO ALMEIDA: Uma leitora do blog, que podemos identificar como Joana Oliveira, gostou da reportagem publicada sobre os poss\u00edveis campe\u00f5es de voto na elei\u00e7\u00e3o deste ano, no Agreste Meridional. Na referida mat\u00e9ria foram citados os prefeitos Iza\u00edas R\u00e9gis (PTB), Dannilo Godoy (PSB) e Armando Duarte (PTB) como fortes candidatos para ficar com [&hellip;]<\/p>\n","protected":false},"author":1,"featured_media":0,"comment_status":"open","ping_status":"open","sticky":false,"template":"","format":"standard","meta":{"footnotes":""},"categories":[2],"tags":[],"class_list":["post-2874","post","type-post","status-publish","format-standard","hentry","category-noticias-do-dia"],"_links":{"self":[{"href":"https:\/\/www.saloanoticias.com\/v1\/wp-json\/wp\/v2\/posts\/2874","targetHints":{"allow":["GET"]}}],"collection":[{"href":"https:\/\/www.saloanoticias.com\/v1\/wp-json\/wp\/v2\/posts"}],"about":[{"href":"https:\/\/www.saloanoticias.com\/v1\/wp-json\/wp\/v2\/types\/post"}],"author":[{"embeddable":true,"href":"https:\/\/www.saloanoticias.com\/v1\/wp-json\/wp\/v2\/users\/1"}],"replies":[{"embeddable":true,"href":"https:\/\/www.saloanoticias.com\/v1\/wp-json\/wp\/v2\/comments?post=2874"}],"version-history":[{"count":0,"href":"https:\/\/www.saloanoticias.com\/v1\/wp-json\/wp\/v2\/posts\/2874\/revisions"}],"wp:attachment":[{"href":"https:\/\/www.saloanoticias.com\/v1\/wp-json\/wp\/v2\/media?parent=2874"}],"wp:term":[{"taxonomy":"category","embeddable":true,"href":"https:\/\/www.saloanoticias.com\/v1\/wp-json\/wp\/v2\/categories?post=2874"},{"taxonomy":"post_tag","embeddable":true,"href":"https:\/\/www.saloanoticias.com\/v1\/wp-json\/wp\/v2\/tags?post=2874"}],"curies":[{"name":"wp","href":"https:\/\/api.w.org\/{rel}","templated":true}]}}