{"id":28732,"date":"2025-06-08T13:14:04","date_gmt":"2025-06-08T16:14:04","guid":{"rendered":"https:\/\/www.saloanoticias.com\/v1\/?p=28732"},"modified":"2025-06-08T15:06:37","modified_gmt":"2025-06-08T18:06:37","slug":"str-de-saloa-promove-roda-de-conversa-na-comunidade-sao-jose-para-fortalecer-produtores-rurais","status":"publish","type":"post","link":"https:\/\/www.saloanoticias.com\/v1\/str-de-saloa-promove-roda-de-conversa-na-comunidade-sao-jose-para-fortalecer-produtores-rurais\/","title":{"rendered":"STR de Salo\u00e1 promove Roda de Conversa na comunidade S\u00e3o Jos\u00e9 para fortalecer produtores rurais"},"content":{"rendered":"\n<p>O Sindicato dos Trabalhadores Rurais (STR) de Salo\u00e1 realizou uma importante roda de conversa neste s\u00e1bado (7), na comunidade de S\u00e3o Jos\u00e9, zona rural do munic\u00edpio. O encontro aconteceu na resid\u00eancia de Sandra, que \u00e9 a presidente da Associa\u00e7\u00e3o dos Agricultores daquela comunidade, e reuniu produtores rurais em um ambiente de di\u00e1logo e troca de experi\u00eancias.<\/p>\n\n\n\n<p>Segundo Rose Santos, representante do STR de Salo\u00e1, o principal objetivo da reuni\u00e3o foi fortalecer os v\u00ednculos entre os produtores rurais e aprofundar o di\u00e1logo sobre as quest\u00f5es que impactam o dia a dia no campo.<\/p>\n\n\n\n<p>&#8220;Esses encontros s\u00e3o fundamentais para que possamos entender as demandas, as dificuldades e as vit\u00f3rias dos nossos agricultores. \u00c9 um momento de uni\u00e3o e de busca por solu\u00e7\u00f5es coletivas&#8221;, afirmou Rose Santos.<\/p>\n\n\n\n<p>A roda de conversa permitiu que os participantes expressassem suas opini\u00f5es, compartilhassem desafios enfrentados na produ\u00e7\u00e3o rural e discutissem poss\u00edveis caminhos para o desenvolvimento local. Temas como acesso a pol\u00edticas p\u00fablicas, esclarecimento de d\u00favidas sobre quest\u00f5es previdenci\u00e1rias, t\u00e9cnicas de cultivo e sustentabilidade estiveram na pauta do encontro, que transcorreu em um clima de colabora\u00e7\u00e3o m\u00fatua.<\/p>\n\n\n\n<p>A realiza\u00e7\u00e3o da reuni\u00e3o na casa da presidente da associa\u00e7\u00e3o dos agricultores, Sandra, refor\u00e7a a proximidade e o envolvimento direto do STR com as bases comunit\u00e1rias. Essa descentraliza\u00e7\u00e3o das a\u00e7\u00f5es do sindicato facilita a participa\u00e7\u00e3o dos produtores rurais e garante que as discuss\u00f5es sejam pertinentes \u00e0 realidade de cada comunidade.<\/p>\n\n\n\n<p>A iniciativa do STR de Salo\u00e1 na comunidade S\u00e3o Jos\u00e9 demonstra o compromisso da entidade em estar presente junto aos trabalhadores do campo, promovendo a uni\u00e3o e o empoderamento dos produtores rurais, al\u00e9m de esclarecer d\u00favidas sobre assuntos importantes.<\/p>\n\n\n\n<p>O fortalecimento do di\u00e1logo \u00e9 visto como uma ferramenta essencial para enfrentar os desafios do setor e garantir o desenvolvimento sustent\u00e1vel da agricultura familiar no munic\u00edpio.<\/p>\n<div style=\"margin-top: 0px; margin-bottom: 0px;\" class=\"sharethis-inline-share-buttons\" ><\/div>","protected":false},"excerpt":{"rendered":"<p>O Sindicato dos Trabalhadores Rurais (STR) de Salo\u00e1 realizou uma importante roda de conversa neste s\u00e1bado (7), na comunidade de S\u00e3o Jos\u00e9, zona rural do munic\u00edpio. O encontro aconteceu na resid\u00eancia de Sandra, que \u00e9 a presidente da Associa\u00e7\u00e3o dos Agricultores daquela comunidade, e reuniu produtores rurais em um ambiente de di\u00e1logo e troca de [&hellip;]<\/p>\n","protected":false},"author":1,"featured_media":28734,"comment_status":"closed","ping_status":"closed","sticky":false,"template":"","format":"standard","meta":{"footnotes":""},"categories":[21],"tags":[22],"class_list":["post-28732","post","type-post","status-publish","format-standard","has-post-thumbnail","hentry","category-cidade","tag-destaques"],"_links":{"self":[{"href":"https:\/\/www.saloanoticias.com\/v1\/wp-json\/wp\/v2\/posts\/28732","targetHints":{"allow":["GET"]}}],"collection":[{"href":"https:\/\/www.saloanoticias.com\/v1\/wp-json\/wp\/v2\/posts"}],"about":[{"href":"https:\/\/www.saloanoticias.com\/v1\/wp-json\/wp\/v2\/types\/post"}],"author":[{"embeddable":true,"href":"https:\/\/www.saloanoticias.com\/v1\/wp-json\/wp\/v2\/users\/1"}],"replies":[{"embeddable":true,"href":"https:\/\/www.saloanoticias.com\/v1\/wp-json\/wp\/v2\/comments?post=28732"}],"version-history":[{"count":3,"href":"https:\/\/www.saloanoticias.com\/v1\/wp-json\/wp\/v2\/posts\/28732\/revisions"}],"predecessor-version":[{"id":28737,"href":"https:\/\/www.saloanoticias.com\/v1\/wp-json\/wp\/v2\/posts\/28732\/revisions\/28737"}],"wp:featuredmedia":[{"embeddable":true,"href":"https:\/\/www.saloanoticias.com\/v1\/wp-json\/wp\/v2\/media\/28734"}],"wp:attachment":[{"href":"https:\/\/www.saloanoticias.com\/v1\/wp-json\/wp\/v2\/media?parent=28732"}],"wp:term":[{"taxonomy":"category","embeddable":true,"href":"https:\/\/www.saloanoticias.com\/v1\/wp-json\/wp\/v2\/categories?post=28732"},{"taxonomy":"post_tag","embeddable":true,"href":"https:\/\/www.saloanoticias.com\/v1\/wp-json\/wp\/v2\/tags?post=28732"}],"curies":[{"name":"wp","href":"https:\/\/api.w.org\/{rel}","templated":true}]}}