{"id":28729,"date":"2025-06-07T11:29:19","date_gmt":"2025-06-07T14:29:19","guid":{"rendered":"https:\/\/www.saloanoticias.com\/v1\/?p=28729"},"modified":"2025-06-07T11:31:16","modified_gmt":"2025-06-07T14:31:16","slug":"feira-livre-de-saloa-tera-dia-alterado-na-proxima-semana-devido-a-abertura-do-sao-joao-2025","status":"publish","type":"post","link":"https:\/\/www.saloanoticias.com\/v1\/feira-livre-de-saloa-tera-dia-alterado-na-proxima-semana-devido-a-abertura-do-sao-joao-2025\/","title":{"rendered":"Feira livre de Salo\u00e1 ter\u00e1 dia alterado na pr\u00f3xima semana devido \u00e0 abertura do S\u00e3o Jo\u00e3o 2025"},"content":{"rendered":"\n<p><strong>Salo\u00e1, Pernambuco<\/strong> \u2013 A tradicional feira livre de Salo\u00e1 ter\u00e1 uma mudan\u00e7a em seu dia de funcionamento na pr\u00f3xima semana. Excepcionalmente, a feira acontecer\u00e1 na quinta-feira, dia 12 de junho, e n\u00e3o na quarta-feira, dia 11, como de costume.<\/p>\n\n\n\n<p>A altera\u00e7\u00e3o visa acomodar a intensa programa\u00e7\u00e3o da abertura do S\u00e3o Jo\u00e3o de Todos os Tempos 2025, que ser\u00e1 realizada na ter\u00e7a-feira, dia 10 de junho, na Pra\u00e7a de Eventos Agamenon Magalh\u00e3es. A informa\u00e7\u00e3o foi divulgada pela Prefeitura Municipal nas plataformas oficiais da cidade, que pede a compreens\u00e3o de todos os feirantes, comerciantes e consumidores.<\/p>\n\n\n\n<p>A medida busca garantir que a popula\u00e7\u00e3o possa aproveitar plenamente as festividades juninas, ao mesmo tempo em que mant\u00e9m o abastecimento da cidade com os produtos da feira livre. A antecipa\u00e7\u00e3o da feira para a quinta-feira \u00e9 uma estrat\u00e9gia para evitar transtornos no tr\u00e2nsito e na organiza\u00e7\u00e3o do espa\u00e7o da pra\u00e7a, que estar\u00e1 recebendo a estrutura dos shows e demais atividades do S\u00e3o Jo\u00e3o.<\/p>\n\n\n\n<p>A expectativa \u00e9 que, mesmo com a mudan\u00e7a de dia, a feira mantenha o fluxo de vendas e compras, com a colabora\u00e7\u00e3o de todos. Os organizadores refor\u00e7am que a altera\u00e7\u00e3o \u00e9 pontual e se deve exclusivamente ao in\u00edcio do maior evento cultural do munic\u00edpio.<\/p>\n\n\n\n<p>A Prefeitura de Salo\u00e1 agradece a colabora\u00e7\u00e3o e a paci\u00eancia de todos os envolvidos e convida a popula\u00e7\u00e3o para prestigiar tanto a feira na quinta-feira, quanto a grande abertura do S\u00e3o Jo\u00e3o 2025 na ter\u00e7a-feira.<\/p>\n<div style=\"margin-top: 0px; margin-bottom: 0px;\" class=\"sharethis-inline-share-buttons\" ><\/div>","protected":false},"excerpt":{"rendered":"<p>Salo\u00e1, Pernambuco \u2013 A tradicional feira livre de Salo\u00e1 ter\u00e1 uma mudan\u00e7a em seu dia de funcionamento na pr\u00f3xima semana. Excepcionalmente, a feira acontecer\u00e1 na quinta-feira, dia 12 de junho, e n\u00e3o na quarta-feira, dia 11, como de costume. A altera\u00e7\u00e3o visa acomodar a intensa programa\u00e7\u00e3o da abertura do S\u00e3o Jo\u00e3o de Todos os Tempos [&hellip;]<\/p>\n","protected":false},"author":1,"featured_media":28731,"comment_status":"closed","ping_status":"closed","sticky":false,"template":"","format":"standard","meta":{"footnotes":""},"categories":[21],"tags":[22],"class_list":["post-28729","post","type-post","status-publish","format-standard","has-post-thumbnail","hentry","category-cidade","tag-destaques"],"_links":{"self":[{"href":"https:\/\/www.saloanoticias.com\/v1\/wp-json\/wp\/v2\/posts\/28729","targetHints":{"allow":["GET"]}}],"collection":[{"href":"https:\/\/www.saloanoticias.com\/v1\/wp-json\/wp\/v2\/posts"}],"about":[{"href":"https:\/\/www.saloanoticias.com\/v1\/wp-json\/wp\/v2\/types\/post"}],"author":[{"embeddable":true,"href":"https:\/\/www.saloanoticias.com\/v1\/wp-json\/wp\/v2\/users\/1"}],"replies":[{"embeddable":true,"href":"https:\/\/www.saloanoticias.com\/v1\/wp-json\/wp\/v2\/comments?post=28729"}],"version-history":[{"count":1,"href":"https:\/\/www.saloanoticias.com\/v1\/wp-json\/wp\/v2\/posts\/28729\/revisions"}],"predecessor-version":[{"id":28730,"href":"https:\/\/www.saloanoticias.com\/v1\/wp-json\/wp\/v2\/posts\/28729\/revisions\/28730"}],"wp:featuredmedia":[{"embeddable":true,"href":"https:\/\/www.saloanoticias.com\/v1\/wp-json\/wp\/v2\/media\/28731"}],"wp:attachment":[{"href":"https:\/\/www.saloanoticias.com\/v1\/wp-json\/wp\/v2\/media?parent=28729"}],"wp:term":[{"taxonomy":"category","embeddable":true,"href":"https:\/\/www.saloanoticias.com\/v1\/wp-json\/wp\/v2\/categories?post=28729"},{"taxonomy":"post_tag","embeddable":true,"href":"https:\/\/www.saloanoticias.com\/v1\/wp-json\/wp\/v2\/tags?post=28729"}],"curies":[{"name":"wp","href":"https:\/\/api.w.org\/{rel}","templated":true}]}}