{"id":28720,"date":"2025-06-06T09:44:20","date_gmt":"2025-06-06T12:44:20","guid":{"rendered":"https:\/\/www.saloanoticias.com\/v1\/?p=28720"},"modified":"2025-06-06T10:09:51","modified_gmt":"2025-06-06T13:09:51","slug":"junior-de-rivaldo-recebe-deputados-eduardo-e-lula-da-fonte-na-codeam-em-encontro-com-prefeitos-do-agreste-meridional","status":"publish","type":"post","link":"https:\/\/www.saloanoticias.com\/v1\/junior-de-rivaldo-recebe-deputados-eduardo-e-lula-da-fonte-na-codeam-em-encontro-com-prefeitos-do-agreste-meridional\/","title":{"rendered":"J\u00fanior de Rivaldo recebe deputados Eduardo e Lula da Fonte na CODEAM em encontro com prefeitos do Agreste Meridional"},"content":{"rendered":"\n<p>A sede da CODEAM (Cons\u00f3rcio de Desenvolvimento do Agreste Meridional) foi palco de um importante encontro nesta quinta-feira (5) que reuniu os deputados federais Eduardo da Fonte e seu filho, Lula da Fonte, com dezenas de prefeitos da regi\u00e3o.<\/p>\n\n\n\n<p>A reuni\u00e3o, organizada e presidida por J\u00fanior de Rivaldo, prefeito de Salo\u00e1 e presidente do cons\u00f3rcio, teve como pauta principal o fortalecimento da parceria entre os parlamentares e os gestores municipais para a melhoria da qualidade de vida da popula\u00e7\u00e3o.<\/p>\n\n\n\n<p>Durante o encontro, os deputados se colocaram \u00e0 disposi\u00e7\u00e3o para auxiliar a CODEAM e os munic\u00edpios em diversas demandas, com \u00eanfase especial na \u00e1rea da sa\u00fade. Os recursos prometidos pelos parlamentares vir\u00e3o por meio de emendas parlamentares, que ser\u00e3o direcionadas a projetos e iniciativas que beneficiem diretamente os cidad\u00e3os do Agreste Meridional.<\/p>\n\n\n\n<p>J\u00fanior de Rivaldo expressou grande satisfa\u00e7\u00e3o com a aten\u00e7\u00e3o e o compromisso demonstrados por Dudu da Fonte e Lula da Fonte. &#8220;A presen\u00e7a e o apoio de Eduardo e Lula s\u00e3o fundamentais para o desenvolvimento do nosso estado e, em particular, para o avan\u00e7o das a\u00e7\u00f5es da CODEAM.<\/p>\n\n\n\n<p>Eles desempenham um papel crucial e nos d\u00e3o a certeza de que teremos o respaldo necess\u00e1rio para levar mais benef\u00edcios \u00e0 nossa popula\u00e7\u00e3o&#8221;, afirmou o presidente do cons\u00f3rcio. A visita dos deputados federais que contou com a presen\u00e7a tamb\u00e9m dos deputados estaduais Claudiano Filho e Adalto  Santos refor\u00e7a o di\u00e1logo e a articula\u00e7\u00e3o de J\u00fanior de Rivaldo em prol do Agreste Meridional, sinalizando um caminho de colabora\u00e7\u00e3o para a concretiza\u00e7\u00e3o de projetos que impactar\u00e3o positivamente a vida dos moradores da regi\u00e3o.<\/p>\n<div style=\"margin-top: 0px; margin-bottom: 0px;\" class=\"sharethis-inline-share-buttons\" ><\/div>","protected":false},"excerpt":{"rendered":"<p>A sede da CODEAM (Cons\u00f3rcio de Desenvolvimento do Agreste Meridional) foi palco de um importante encontro nesta quinta-feira (5) que reuniu os deputados federais Eduardo da Fonte e seu filho, Lula da Fonte, com dezenas de prefeitos da regi\u00e3o. A reuni\u00e3o, organizada e presidida por J\u00fanior de Rivaldo, prefeito de Salo\u00e1 e presidente do cons\u00f3rcio, [&hellip;]<\/p>\n","protected":false},"author":1,"featured_media":28722,"comment_status":"closed","ping_status":"closed","sticky":false,"template":"","format":"standard","meta":{"footnotes":""},"categories":[15],"tags":[22],"class_list":["post-28720","post","type-post","status-publish","format-standard","has-post-thumbnail","hentry","category-politica","tag-destaques"],"_links":{"self":[{"href":"https:\/\/www.saloanoticias.com\/v1\/wp-json\/wp\/v2\/posts\/28720","targetHints":{"allow":["GET"]}}],"collection":[{"href":"https:\/\/www.saloanoticias.com\/v1\/wp-json\/wp\/v2\/posts"}],"about":[{"href":"https:\/\/www.saloanoticias.com\/v1\/wp-json\/wp\/v2\/types\/post"}],"author":[{"embeddable":true,"href":"https:\/\/www.saloanoticias.com\/v1\/wp-json\/wp\/v2\/users\/1"}],"replies":[{"embeddable":true,"href":"https:\/\/www.saloanoticias.com\/v1\/wp-json\/wp\/v2\/comments?post=28720"}],"version-history":[{"count":5,"href":"https:\/\/www.saloanoticias.com\/v1\/wp-json\/wp\/v2\/posts\/28720\/revisions"}],"predecessor-version":[{"id":28728,"href":"https:\/\/www.saloanoticias.com\/v1\/wp-json\/wp\/v2\/posts\/28720\/revisions\/28728"}],"wp:featuredmedia":[{"embeddable":true,"href":"https:\/\/www.saloanoticias.com\/v1\/wp-json\/wp\/v2\/media\/28722"}],"wp:attachment":[{"href":"https:\/\/www.saloanoticias.com\/v1\/wp-json\/wp\/v2\/media?parent=28720"}],"wp:term":[{"taxonomy":"category","embeddable":true,"href":"https:\/\/www.saloanoticias.com\/v1\/wp-json\/wp\/v2\/categories?post=28720"},{"taxonomy":"post_tag","embeddable":true,"href":"https:\/\/www.saloanoticias.com\/v1\/wp-json\/wp\/v2\/tags?post=28720"}],"curies":[{"name":"wp","href":"https:\/\/api.w.org\/{rel}","templated":true}]}}