{"id":2872,"date":"2016-08-31T16:00:00","date_gmt":"2016-08-31T16:00:00","guid":{"rendered":"https:\/\/saloanoticias.mrmediaweb.com\/v1\/2016\/08\/31\/dilma-e-cassada-e-temmer-assume-os-destinos-do-brasil\/"},"modified":"2016-08-31T16:00:00","modified_gmt":"2016-08-31T16:00:00","slug":"dilma-e-cassada-e-temmer-assume-os-destinos-do-brasil","status":"publish","type":"post","link":"https:\/\/www.saloanoticias.com\/v1\/dilma-e-cassada-e-temmer-assume-os-destinos-do-brasil\/","title":{"rendered":"DILMA \u00c9 CASSADA E MICHEL TEMER ASSUME OS DESTINOS DO BRASIL"},"content":{"rendered":"<p align=\"justify\"><font size=\"3\" face=\"Arial\"><a href=\"http:\/\/www.saloanoticias.com\/images\/9b24cf2f-5260-4e42-bbd1-be5f0a4cbb4d_ed99367a78b50ee555fa637b2010fe04.jpg\"><img loading=\"lazy\" decoding=\"async\" title=\"9b24cf2f-5260-4e42-bbd1-be5f0a4cbb4d\" style=\"border-top: 0px; border-right: 0px; background-image: none; border-bottom: 0px; float: left; padding-top: 0px; padding-left: 0px; margin: 5px 5px 0px 0px; border-left: 0px; display: inline; padding-right: 0px\" border=\"0\" alt=\"9b24cf2f-5260-4e42-bbd1-be5f0a4cbb4d\" src=\"http:\/\/www.saloanoticias.com\/v1\/wp-content\/uploads\/imagens\/9b24cf2f-5260-4e42-bbd1-be5f0a4cbb4d_thumb_4ecd286b2c18fcf528bf1af337e622b0.jpg\" width=\"288\" align=\"left\" height=\"216\"><\/a>A presidente Dilma Rousseff (PT), <\/font><a href=\"http:\/\/noticias.uol.com.br\/politica\/ultimas-noticias\/2016\/05\/12\/senado-aprova-processo-de-impeachment-e-afasta-dilma-por-ate-180-dias.htm\"><font size=\"3\" face=\"Arial\">afastada do cargo desde maio<\/font><\/a><font size=\"3\" face=\"Arial\">, foi condenada nesta quarta-feira (31) pelo Senado no processo de impeachment por ter cometido crimes de responsabilidade na condu\u00e7\u00e3o financeira do governo. O impeachment foi aprovado por 61 votos a favor e 20 contra. N\u00e3o houve absten\u00e7\u00f5es. <\/font><font size=\"3\" face=\"Arial\">A decis\u00e3o tamb\u00e9m abre caminho para que Michel Temer (PMDB) seja efetivado na Presid\u00eancia da Rep\u00fablica at\u00e9 2018. <\/font><font size=\"3\" face=\"Arial\">A <\/font><a href=\"http:\/\/www1.folha.uol.com.br\/poder\/2016\/08\/1808583-definido-o-impeachment-temer-tera-posse-semelhante-a-de-itamar.shtml\"><font size=\"3\" face=\"Arial\">posse de Temer deve ocorrer em r\u00e1pida cerim\u00f4nia no Senado<\/font><\/a><font size=\"3\" face=\"Arial\"> ainda nesta quarta-feira, mas o hor\u00e1rio ainda n\u00e3o foi definido.<\/font><\/p>\n<p align=\"justify\"><font size=\"3\" face=\"Arial\">Dilma deve ter <\/font><a href=\"http:\/\/www1.folha.uol.com.br\/poder\/2016\/08\/1805264-se-impeachment-ocorrer-dilma-deve-ter-30-dias-para-desocupar-alvorada.shtml\"><font size=\"3\" face=\"Arial\">30 dias para o Pal\u00e1cio da Alvorada<\/font><\/a><font size=\"3\" face=\"Arial\"> e manter\u00e1 benef\u00edcios destinados a ex-presidentes, como o direito a utilizar funcion\u00e1rios p\u00fablicos. <\/font><a href=\"http:\/\/noticias.uol.com.br\/politica\/ultimas-noticias\/2016\/08\/30\/dilma-depoe-por-13-horas-defende-mandato-e-reafirma-que-condenacao-e-golpe-parlamentar.htm\"><font size=\"3\" face=\"Arial\">Em sua defesa no Senado, Dilma afirmou que n\u00e3o praticou irregularidades e que o impeachment \u00e9 na verdade um &#8220;golpe de Estado&#8221;<\/font><\/a><font size=\"3\" face=\"Arial\"> por ser motivado por raz\u00f5es pol\u00edticas e por n\u00e3o ter existido crimes de responsabilidade em seu governo. <\/font><font size=\"3\" face=\"Arial\">Esses argumentos foram repetidos na segunda-feira (29) quando a petista passou 13 horas no plen\u00e1rio do Senado fazendo sua defesa, com um discurso pela manh\u00e3 e respondendo quest\u00f5es dos senadores at\u00e9 o fim da noite.<\/font><\/p>\n<div style=\"margin-top: 0px; margin-bottom: 0px;\" class=\"sharethis-inline-share-buttons\" ><\/div>","protected":false},"excerpt":{"rendered":"<p>A presidente Dilma Rousseff (PT), afastada do cargo desde maio, foi condenada nesta quarta-feira (31) pelo Senado no processo de impeachment por ter cometido crimes de responsabilidade na condu\u00e7\u00e3o financeira do governo. O impeachment foi aprovado por 61 votos a favor e 20 contra. N\u00e3o houve absten\u00e7\u00f5es. A decis\u00e3o tamb\u00e9m abre caminho para que Michel [&hellip;]<\/p>\n","protected":false},"author":1,"featured_media":0,"comment_status":"open","ping_status":"open","sticky":false,"template":"","format":"standard","meta":{"footnotes":""},"categories":[2],"tags":[],"class_list":["post-2872","post","type-post","status-publish","format-standard","hentry","category-noticias-do-dia"],"_links":{"self":[{"href":"https:\/\/www.saloanoticias.com\/v1\/wp-json\/wp\/v2\/posts\/2872","targetHints":{"allow":["GET"]}}],"collection":[{"href":"https:\/\/www.saloanoticias.com\/v1\/wp-json\/wp\/v2\/posts"}],"about":[{"href":"https:\/\/www.saloanoticias.com\/v1\/wp-json\/wp\/v2\/types\/post"}],"author":[{"embeddable":true,"href":"https:\/\/www.saloanoticias.com\/v1\/wp-json\/wp\/v2\/users\/1"}],"replies":[{"embeddable":true,"href":"https:\/\/www.saloanoticias.com\/v1\/wp-json\/wp\/v2\/comments?post=2872"}],"version-history":[{"count":0,"href":"https:\/\/www.saloanoticias.com\/v1\/wp-json\/wp\/v2\/posts\/2872\/revisions"}],"wp:attachment":[{"href":"https:\/\/www.saloanoticias.com\/v1\/wp-json\/wp\/v2\/media?parent=2872"}],"wp:term":[{"taxonomy":"category","embeddable":true,"href":"https:\/\/www.saloanoticias.com\/v1\/wp-json\/wp\/v2\/categories?post=2872"},{"taxonomy":"post_tag","embeddable":true,"href":"https:\/\/www.saloanoticias.com\/v1\/wp-json\/wp\/v2\/tags?post=2872"}],"curies":[{"name":"wp","href":"https:\/\/api.w.org\/{rel}","templated":true}]}}