{"id":28711,"date":"2025-06-05T09:16:18","date_gmt":"2025-06-05T12:16:18","guid":{"rendered":"https:\/\/www.saloanoticias.com\/v1\/?p=28711"},"modified":"2025-06-05T10:29:53","modified_gmt":"2025-06-05T13:29:53","slug":"coordenadoria-da-mulher-de-saloa-participa-de-formacao-sobre-conselhos-municipais-e-orcamento-publico","status":"publish","type":"post","link":"https:\/\/www.saloanoticias.com\/v1\/coordenadoria-da-mulher-de-saloa-participa-de-formacao-sobre-conselhos-municipais-e-orcamento-publico\/","title":{"rendered":"Coordenadoria da Mulher de Salo\u00e1 participa de forma\u00e7\u00e3o sobre Conselhos Municipais e Or\u00e7amento P\u00fablico"},"content":{"rendered":"\n<p>Nos dias 28 e 29 de maio, a Coordenadoria da Mulher do munic\u00edpio de Salo\u00e1 participou da forma\u00e7\u00e3o \u201cOs Conselhos e o Or\u00e7amento Municipal\u201d, promovida pelo Tribunal de Contas do Estado de Pernambuco (TCE\/PE), por meio da Escola de Cidadania \u2013 TCEndo Cidadania. A capacita\u00e7\u00e3o foi ministrada pela auditora do TCE\/PE, Sandra Inojosa, e reuniu representantes de diversos munic\u00edpios do Agreste Meridional.<\/p>\n\n\n\n<p>O evento teve como objetivo fortalecer o conhecimento sobre o funcionamento dos conselhos municipais de direitos e o papel do cidad\u00e3o na fiscaliza\u00e7\u00e3o e controle social do or\u00e7amento p\u00fablico. Durante a forma\u00e7\u00e3o, foram abordadas tem\u00e1ticas como a transpar\u00eancia p\u00fablica, a import\u00e2ncia da participa\u00e7\u00e3o social na constru\u00e7\u00e3o do or\u00e7amento municipal e os canais dispon\u00edveis para o acompanhamento dos gastos p\u00fablicos.<\/p>\n\n\n\n<p>A presen\u00e7a da Coordenadoria da Mulher de Salo\u00e1 reflete o compromisso do munic\u00edpio com a promo\u00e7\u00e3o da cidadania ativa e da participa\u00e7\u00e3o popular nas decis\u00f5es p\u00fablicas. Segundo os organizadores, momentos como esse s\u00e3o fundamentais para garantir que a sociedade compreenda e exer\u00e7a seu papel na fiscaliza\u00e7\u00e3o dos recursos p\u00fablicos e na defesa dos direitos coletivos.<\/p>\n\n\n\n<p>Salo\u00e1 tem se destacado na regi\u00e3o por sua pol\u00edtica de transpar\u00eancia. Os or\u00e7amentos municipais j\u00e1 est\u00e3o dispon\u00edveis para consulta nos portais da transpar\u00eancia e no portal Tome Conta, facilitando o acesso da popula\u00e7\u00e3o \u00e0s informa\u00e7\u00f5es sobre a aplica\u00e7\u00e3o dos recursos p\u00fablicos.<\/p>\n\n\n\n<p>A iniciativa refor\u00e7a a import\u00e2ncia da forma\u00e7\u00e3o cont\u00ednua para os gestores e representantes da sociedade civil, fortalecendo os mecanismos de controle social e contribuindo para uma gest\u00e3o p\u00fablica mais democr\u00e1tica e eficiente.<\/p>\n<div style=\"margin-top: 0px; margin-bottom: 0px;\" class=\"sharethis-inline-share-buttons\" ><\/div>","protected":false},"excerpt":{"rendered":"<p>Nos dias 28 e 29 de maio, a Coordenadoria da Mulher do munic\u00edpio de Salo\u00e1 participou da forma\u00e7\u00e3o \u201cOs Conselhos e o Or\u00e7amento Municipal\u201d, promovida pelo Tribunal de Contas do Estado de Pernambuco (TCE\/PE), por meio da Escola de Cidadania \u2013 TCEndo Cidadania. A capacita\u00e7\u00e3o foi ministrada pela auditora do TCE\/PE, Sandra Inojosa, e reuniu [&hellip;]<\/p>\n","protected":false},"author":1,"featured_media":28715,"comment_status":"closed","ping_status":"closed","sticky":false,"template":"","format":"standard","meta":{"footnotes":""},"categories":[21],"tags":[22],"class_list":["post-28711","post","type-post","status-publish","format-standard","has-post-thumbnail","hentry","category-cidade","tag-destaques"],"_links":{"self":[{"href":"https:\/\/www.saloanoticias.com\/v1\/wp-json\/wp\/v2\/posts\/28711","targetHints":{"allow":["GET"]}}],"collection":[{"href":"https:\/\/www.saloanoticias.com\/v1\/wp-json\/wp\/v2\/posts"}],"about":[{"href":"https:\/\/www.saloanoticias.com\/v1\/wp-json\/wp\/v2\/types\/post"}],"author":[{"embeddable":true,"href":"https:\/\/www.saloanoticias.com\/v1\/wp-json\/wp\/v2\/users\/1"}],"replies":[{"embeddable":true,"href":"https:\/\/www.saloanoticias.com\/v1\/wp-json\/wp\/v2\/comments?post=28711"}],"version-history":[{"count":2,"href":"https:\/\/www.saloanoticias.com\/v1\/wp-json\/wp\/v2\/posts\/28711\/revisions"}],"predecessor-version":[{"id":28716,"href":"https:\/\/www.saloanoticias.com\/v1\/wp-json\/wp\/v2\/posts\/28711\/revisions\/28716"}],"wp:featuredmedia":[{"embeddable":true,"href":"https:\/\/www.saloanoticias.com\/v1\/wp-json\/wp\/v2\/media\/28715"}],"wp:attachment":[{"href":"https:\/\/www.saloanoticias.com\/v1\/wp-json\/wp\/v2\/media?parent=28711"}],"wp:term":[{"taxonomy":"category","embeddable":true,"href":"https:\/\/www.saloanoticias.com\/v1\/wp-json\/wp\/v2\/categories?post=28711"},{"taxonomy":"post_tag","embeddable":true,"href":"https:\/\/www.saloanoticias.com\/v1\/wp-json\/wp\/v2\/tags?post=28711"}],"curies":[{"name":"wp","href":"https:\/\/api.w.org\/{rel}","templated":true}]}}