{"id":2871,"date":"2016-08-31T14:00:00","date_gmt":"2016-08-31T14:00:00","guid":{"rendered":"https:\/\/saloanoticias.mrmediaweb.com\/v1\/2016\/08\/31\/estudantes-do-sao-vicente-sao-finalistas-de-concurso-de-videos\/"},"modified":"2016-08-31T14:00:00","modified_gmt":"2016-08-31T14:00:00","slug":"estudantes-do-sao-vicente-sao-finalistas-de-concurso-de-videos","status":"publish","type":"post","link":"https:\/\/www.saloanoticias.com\/v1\/estudantes-do-sao-vicente-sao-finalistas-de-concurso-de-videos\/","title":{"rendered":"\u201cESTUDANTES DA ESCOLA S\u00c3O VICENTE S\u00c3O FINALISTAS DE CONCURSOS DE V\u00cdDEOS\u201d"},"content":{"rendered":"<p align=\"justify\"><font size=\"3\" face=\"Arial\"><a href=\"http:\/\/www.saloanoticias.com\/images\/img_0290_5639dfaa6ff4f93ebbe8987c0ba48637.jpg\"><img loading=\"lazy\" decoding=\"async\" title=\"IMG_0290\" style=\"border-top: 0px; border-right: 0px; background-image: none; border-bottom: 0px; float: none; padding-top: 0px; padding-left: 0px; margin: 0px auto 10px; border-left: 0px; display: block; padding-right: 0px\" border=\"0\" alt=\"IMG_0290\" src=\"http:\/\/www.saloanoticias.com\/v1\/wp-content\/uploads\/imagens\/img_0290_thumb_74720f1407aaf007042f10d9bd3b08bd.jpg\" width=\"1446\" height=\"1123\"><\/a>Estudantes da Escola Municipal S\u00e3o Vicente (Salo\u00e1 &#8211; PE), s\u00e3o finalistas de concurso de combate ao Aedes Aegypti. Os v\u00eddeos produzidos por estudantes da Escola Municipal S\u00e3o Vicente conquistaram o primeiro lugar em Pernambuco e s\u00e3o finalistas na etapa nacional. <\/font><font size=\"3\" face=\"Arial\">Os v\u00eddeos \u201cPROBLEMA SOCIAL, SOLU\u00c7\u00c3O COLETIVA\u201d e \u201cA LUTA DE UM PA\u00cdS \u00c9 CONTRA ELE, AEDES AEGYPTI\u201d, produzidos respectivamente pelos estudantes do Projovem Urbano e estudantes do Ensino Fundamental II, sob orienta\u00e7\u00e3o do Secret\u00e1rio de Educa\u00e7\u00e3o Alvaro Deangelles, da cidade de Salo\u00e1, s\u00e3o os primeiros colocados em Pernambuco em duas categorias e tamb\u00e9m finalistas da etapa nacional do concurso Pesquisar e Conhecer para Combater o Aedes aegypti, promovido pelo Minist\u00e9rio da Educa\u00e7\u00e3o (MEC).<\/font><\/p>\n<p align=\"justify\"><font size=\"3\" face=\"Arial\">O concurso \u00e9 voltado a todo o sistema educacional brasileiro e contempla as categorias rede privada e rede p\u00fablica, divididas em n\u00edveis de ensino. A iniciativa objetiva originar a\u00e7\u00f5es de combate ao mosquito Aedes Aegypti e suas consequ\u00eancias, principalmente o Zika V\u00edrus. Cada institui\u00e7\u00e3o teve a oportunidade de inscrever um v\u00eddeo em cada categoria e n\u00edvel de ensino. No total foram 1.160 inscri\u00e7\u00f5es. O concurso escolher\u00e1 v\u00eddeos de at\u00e9 90 segundos que apresentem de forma criativa o trabalho desenvolvido nas escolas brasileiras.<\/font><\/p>\n<p align=\"justify\"><font size=\"3\" face=\"Arial\">Os v\u00eddeos produzidos pelo grupo da Escola S\u00e3o Vicente venceu a etapa estadual, na categoria Educa\u00e7\u00e3o de Jovens e Adultos e na categoria Ensino Fundamental II. Esta primeira etapa do concurso encerrou-se no dia 9 de agosto, com a divulga\u00e7\u00e3o dos finalistas nacionais. Desde o dia 17, est\u00e1 aberta a segunda etapa, em que os finalistas passar\u00e3o por vota\u00e7\u00e3o do j\u00fari popular e da Comiss\u00e3o Julgadora Final. O j\u00fari popular escolher\u00e1 um vencedor em cada categoria e a Comiss\u00e3o Julgadora Final escolher\u00e1 outro vencedor.<\/font><\/p>\n<p align=\"justify\"><font size=\"3\" face=\"Arial\">Segundo Leonardo, aluno do Projovem Urbano matriculado na Escola S\u00e3o Vicente e um dos produtores do v\u00eddeo, a proposta nasceu a partir da provoca\u00e7\u00e3o do professor e tamb\u00e9m Secret\u00e1rio de Educa\u00e7\u00e3o Municipal de Salo\u00e1, objetivando divulgar o trabalho realizado na Escola e promover de forma criativa a conscientiza\u00e7\u00e3o da comunidade sobre os problemas causados pelo Aedes aegypti. Para votar nos v\u00eddeos finalistas est\u00e3o dispon\u00edveis no site <\/font><a href=\"http:\/\/zikazero.mec.gov.br.\"><font size=\"3\" face=\"Arial\">http:\/\/zikazero.mec.gov.br.<\/font><\/a><\/p>\n<p align=\"justify\"><font size=\"3\" face=\"Arial\">Na p\u00e1gina, basta clicar em &#8220;Participe do J\u00fari Popular&#8221; depois em &#8220;Educa\u00e7\u00e3o de Jovens e Adultos&#8221; e \u201cEnsino Fundamental II\u201d, para assistir as produ\u00e7\u00f5es e votar. Os v\u00eddeos dos alunos da Escola S\u00e3o Vicente s\u00e3o \u201cPROBLEMA SOCIAL, SOLU\u00c7\u00c3O COLETIVA\u201d e \u201cA LUTA DE UM PA\u00cdS \u00c9 CONTRA ELE, AEDES AEGYPTI &#8220;. H\u00e1 duas op\u00e7\u00f5es de vota\u00e7\u00e3o, por e-mail ou Facebook, mas a recomenda\u00e7\u00e3o \u00e9 optar pelo e-mail para garantir o voto, pois a outra alternativa tem dado erro. A vota\u00e7\u00e3o segue at\u00e9 o dia 04 de setembro de 2016. Links para acesso direto as p\u00e1ginas: 1- Educa\u00e7\u00e3o de Jovens e Adultos: <\/font><a href=\"http:\/\/zikazero.mec.gov.br\/juri-popular?view=juripopular&amp;layout=videos&amp;cat_id=4\"><font size=\"3\" face=\"Arial\">http:\/\/zikazero.mec.gov.br\/juri-popular\u2026<\/font><\/a>&nbsp;<font size=\"3\" face=\"Arial\">2- Ensino Fundamental II: <\/font><a href=\"http:\/\/zikazero.mec.gov.br\/juri-popular?view=juripopular&amp;layout=videos&amp;cat_id=5\"><font size=\"3\" face=\"Arial\">http:\/\/zikazero.mec.gov.br\/juri-popular\u2026<\/font><\/a><\/p>\n<div style=\"margin-top: 0px; margin-bottom: 0px;\" class=\"sharethis-inline-share-buttons\" ><\/div>","protected":false},"excerpt":{"rendered":"<p>Estudantes da Escola Municipal S\u00e3o Vicente (Salo\u00e1 &#8211; PE), s\u00e3o finalistas de concurso de combate ao Aedes Aegypti. Os v\u00eddeos produzidos por estudantes da Escola Municipal S\u00e3o Vicente conquistaram o primeiro lugar em Pernambuco e s\u00e3o finalistas na etapa nacional. Os v\u00eddeos \u201cPROBLEMA SOCIAL, SOLU\u00c7\u00c3O COLETIVA\u201d e \u201cA LUTA DE UM PA\u00cdS \u00c9 CONTRA ELE, [&hellip;]<\/p>\n","protected":false},"author":1,"featured_media":0,"comment_status":"open","ping_status":"open","sticky":false,"template":"","format":"standard","meta":{"footnotes":""},"categories":[2],"tags":[],"class_list":["post-2871","post","type-post","status-publish","format-standard","hentry","category-noticias-do-dia"],"_links":{"self":[{"href":"https:\/\/www.saloanoticias.com\/v1\/wp-json\/wp\/v2\/posts\/2871","targetHints":{"allow":["GET"]}}],"collection":[{"href":"https:\/\/www.saloanoticias.com\/v1\/wp-json\/wp\/v2\/posts"}],"about":[{"href":"https:\/\/www.saloanoticias.com\/v1\/wp-json\/wp\/v2\/types\/post"}],"author":[{"embeddable":true,"href":"https:\/\/www.saloanoticias.com\/v1\/wp-json\/wp\/v2\/users\/1"}],"replies":[{"embeddable":true,"href":"https:\/\/www.saloanoticias.com\/v1\/wp-json\/wp\/v2\/comments?post=2871"}],"version-history":[{"count":0,"href":"https:\/\/www.saloanoticias.com\/v1\/wp-json\/wp\/v2\/posts\/2871\/revisions"}],"wp:attachment":[{"href":"https:\/\/www.saloanoticias.com\/v1\/wp-json\/wp\/v2\/media?parent=2871"}],"wp:term":[{"taxonomy":"category","embeddable":true,"href":"https:\/\/www.saloanoticias.com\/v1\/wp-json\/wp\/v2\/categories?post=2871"},{"taxonomy":"post_tag","embeddable":true,"href":"https:\/\/www.saloanoticias.com\/v1\/wp-json\/wp\/v2\/tags?post=2871"}],"curies":[{"name":"wp","href":"https:\/\/api.w.org\/{rel}","templated":true}]}}