{"id":28700,"date":"2025-06-03T18:39:44","date_gmt":"2025-06-03T21:39:44","guid":{"rendered":"https:\/\/www.saloanoticias.com\/v1\/?p=28700"},"modified":"2025-06-03T21:42:30","modified_gmt":"2025-06-04T00:42:30","slug":"festa-das-maes-em-saloa-bate-recorde-de-publico-com-show-de-pablo-e-premios-inesqueciveis","status":"publish","type":"post","link":"https:\/\/www.saloanoticias.com\/v1\/festa-das-maes-em-saloa-bate-recorde-de-publico-com-show-de-pablo-e-premios-inesqueciveis\/","title":{"rendered":"Festa das M\u00e3es em Salo\u00e1 bate recorde de p\u00fablico com show de Pablo e pr\u00eamios inesquec\u00edveis"},"content":{"rendered":"\n<p>A Pra\u00e7a de Eventos Agamenon Magalh\u00e3es, em Salo\u00e1, foi palco de uma celebra\u00e7\u00e3o memor\u00e1vel no \u00faltimo dia 30 de maio de 2025, com a realiza\u00e7\u00e3o da Festa das M\u00e3es. O evento, que se tornou um marco no calend\u00e1rio festivo da cidade, atraiu milhares de pessoas, registrando um recorde de p\u00fablico e consolidando-se como um dos maiores e mais emocionantes encontros em homenagem \u00e0s m\u00e3es do munic\u00edpio.<\/p>\n\n\n\n<figure class=\"wp-block-image size-full\"><img decoding=\"async\" src=\"https:\/\/www.saloanoticias.com\/v1\/wp-content\/uploads\/2025\/06\/output-3.mp4\" alt=\"\" class=\"wp-image-28706\"\/><\/figure>\n\n\n\n<p>A alegria tomou conta do ambiente desde o in\u00edcio da festa, que foi marcada por uma organiza\u00e7\u00e3o impec\u00e1vel. Milhares de saloaenses se reuniram para prestigiar o evento, que ofereceu uma noite de muita emo\u00e7\u00e3o e reconhecimento.<\/p>\n\n\n\n<p>Um dos pontos altos da celebra\u00e7\u00e3o foi a generosa distribui\u00e7\u00e3o de dezenas de brindes, que surpreenderam e encantaram as m\u00e3es presentes. A noite ficou ainda mais emocionante com o bingo de pr\u00eamios de grande valor: uma sala e cozinha completas, que transformaram a vida de duas felizardas, e duas motos Pop 0km, que levaram alegria e praticidade para outras duas m\u00e3es do munic\u00edpio.<\/p>\n\n\n\n<p>Para coroar a noite festiva, o renomado cantor Pablo do Arrocha subiu ao palco e fez um show inesquec\u00edvel, embalando o p\u00fablico com seus grandes sucessos e garantindo que a celebra\u00e7\u00e3o se estendesse em um clima de pura euforia e divers\u00e3o.<\/p>\n\n\n\n<p>A presen\u00e7a de autoridades municipais refor\u00e7ou o compromisso da gest\u00e3o com a valoriza\u00e7\u00e3o das m\u00e3es. O prefeito J\u00fanior de Rivaldo, acompanhado de seu vice Cosme Melo, secret\u00e1rios, vereadores e outras autoridades do munic\u00edpio, fez quest\u00e3o de prestigiar o evento e expressar seu carinho e admira\u00e7\u00e3o por todas as m\u00e3es de Salo\u00e1.<\/p>\n\n\n\n<p>Segundo os organizadores, o sucesso da Festa das M\u00e3es deste ano superou todas as expectativas, registrando um recorde de p\u00fablico. A grandiosidade do evento \u00e9 um reflexo do amor e da dedica\u00e7\u00e3o que a cidade de Salo\u00e1 tem por suas m\u00e3es, proporcionando um dia de celebra\u00e7\u00e3o, reconhecimento e alegria que ficar\u00e1 marcado na mem\u00f3ria de todos.<\/p>\n<div style=\"margin-top: 0px; margin-bottom: 0px;\" class=\"sharethis-inline-share-buttons\" ><\/div>","protected":false},"excerpt":{"rendered":"<p>A Pra\u00e7a de Eventos Agamenon Magalh\u00e3es, em Salo\u00e1, foi palco de uma celebra\u00e7\u00e3o memor\u00e1vel no \u00faltimo dia 30 de maio de 2025, com a realiza\u00e7\u00e3o da Festa das M\u00e3es. O evento, que se tornou um marco no calend\u00e1rio festivo da cidade, atraiu milhares de pessoas, registrando um recorde de p\u00fablico e consolidando-se como um dos [&hellip;]<\/p>\n","protected":false},"author":1,"featured_media":28708,"comment_status":"closed","ping_status":"closed","sticky":false,"template":"","format":"standard","meta":{"footnotes":""},"categories":[21],"tags":[22],"class_list":["post-28700","post","type-post","status-publish","format-standard","has-post-thumbnail","hentry","category-cidade","tag-destaques"],"_links":{"self":[{"href":"https:\/\/www.saloanoticias.com\/v1\/wp-json\/wp\/v2\/posts\/28700","targetHints":{"allow":["GET"]}}],"collection":[{"href":"https:\/\/www.saloanoticias.com\/v1\/wp-json\/wp\/v2\/posts"}],"about":[{"href":"https:\/\/www.saloanoticias.com\/v1\/wp-json\/wp\/v2\/types\/post"}],"author":[{"embeddable":true,"href":"https:\/\/www.saloanoticias.com\/v1\/wp-json\/wp\/v2\/users\/1"}],"replies":[{"embeddable":true,"href":"https:\/\/www.saloanoticias.com\/v1\/wp-json\/wp\/v2\/comments?post=28700"}],"version-history":[{"count":4,"href":"https:\/\/www.saloanoticias.com\/v1\/wp-json\/wp\/v2\/posts\/28700\/revisions"}],"predecessor-version":[{"id":28710,"href":"https:\/\/www.saloanoticias.com\/v1\/wp-json\/wp\/v2\/posts\/28700\/revisions\/28710"}],"wp:featuredmedia":[{"embeddable":true,"href":"https:\/\/www.saloanoticias.com\/v1\/wp-json\/wp\/v2\/media\/28708"}],"wp:attachment":[{"href":"https:\/\/www.saloanoticias.com\/v1\/wp-json\/wp\/v2\/media?parent=28700"}],"wp:term":[{"taxonomy":"category","embeddable":true,"href":"https:\/\/www.saloanoticias.com\/v1\/wp-json\/wp\/v2\/categories?post=28700"},{"taxonomy":"post_tag","embeddable":true,"href":"https:\/\/www.saloanoticias.com\/v1\/wp-json\/wp\/v2\/tags?post=28700"}],"curies":[{"name":"wp","href":"https:\/\/api.w.org\/{rel}","templated":true}]}}