{"id":2870,"date":"2016-08-31T11:00:00","date_gmt":"2016-08-31T11:00:00","guid":{"rendered":"https:\/\/saloanoticias.mrmediaweb.com\/v1\/2016\/08\/31\/apagao-atinge-as-cidades-do-agreste-meridional\/"},"modified":"2016-08-31T11:00:00","modified_gmt":"2016-08-31T11:00:00","slug":"apagao-atinge-as-cidades-do-agreste-meridional","status":"publish","type":"post","link":"https:\/\/www.saloanoticias.com\/v1\/apagao-atinge-as-cidades-do-agreste-meridional\/","title":{"rendered":"\u201cAPAG\u00c3O\u201d ATINGE AS CIDADES DO AGRESTE MERIDIONAL PERNAMBUCANO"},"content":{"rendered":"<p align=\"justify\"><font size=\"3\" face=\"Arial\"><a href=\"http:\/\/www.saloanoticias.com\/images\/14040175_624943347667798_8514395372883999960_n_0571449bd20a29a2c28e3c4a7647ab7e.jpg\"><img loading=\"lazy\" decoding=\"async\" title=\"14040175_624943347667798_8514395372883999960_n\" style=\"border-top: 0px; border-right: 0px; background-image: none; border-bottom: 0px; float: left; padding-top: 0px; padding-left: 0px; margin: 5px 5px 0px 0px; border-left: 0px; display: inline; padding-right: 0px\" border=\"0\" alt=\"14040175_624943347667798_8514395372883999960_n\" src=\"http:\/\/www.saloanoticias.com\/v1\/wp-content\/uploads\/imagens\/14040175_624943347667798_8514395372883999960_n_thumb_e809384cf2c47a2a2b82cdd896e2afdf.jpg\" width=\"285\" align=\"left\" height=\"214\"><\/a>O apag\u00e3o sentido em Garanhuns e em praticamente todos os Munic\u00edpios do Agreste Meridional, nesta ter\u00e7a-feira, dia 30, atingiu 23% da carga de energia de Pernambuco. De acordo com a assessoria da Companhia Energ\u00e9tica de Pernambuco, o interior do Estado foi \u00e0 regi\u00e3o mais afetada. A Celpe n\u00e3o informou quantos Munic\u00edpios foram atingidos. <\/font><font size=\"3\" face=\"Arial\">Al\u00e9m de Garanhuns, moradores de Caruaru e Taquaritinga do Norte, afirmaram que houve queda de energia no in\u00edcio da tarde. Segundo a Celpe, a queda de fornecimento teve in\u00edcio \u00e0s 12h49min.<\/font><\/p>\n<p align=\"justify\"><font size=\"3\" face=\"Arial\">A Companhia informou que a energia foi restabelecida em todo o estado \u00e0s 13h23min. <\/font><font size=\"3\" face=\"Arial\">A assessoria da Celpe disse que o fornecimento foi afetado em decorr\u00eancia do <\/font><a href=\"http:\/\/g1.globo.com\/to\/tocantins\/noticia\/2016\/08\/ons-diz-que-problema-no-tocantins-afetou-energia-eletrica-em-12-estados.html\"><font size=\"3\" face=\"Arial\">desligamento autom\u00e1tico na Linha de Transmiss\u00e3o Colinas\/Miracema, no Tocantins<\/font><\/a><font face=\"Arial\"><font size=\"3\">. <b>(Com informa\u00e7\u00f5es do Blog do Carlos Eug\u00eanio e G1\/Caruaru) <\/b><\/font><\/font><\/p>\n<div style=\"margin-top: 0px; margin-bottom: 0px;\" class=\"sharethis-inline-share-buttons\" ><\/div>","protected":false},"excerpt":{"rendered":"<p>O apag\u00e3o sentido em Garanhuns e em praticamente todos os Munic\u00edpios do Agreste Meridional, nesta ter\u00e7a-feira, dia 30, atingiu 23% da carga de energia de Pernambuco. De acordo com a assessoria da Companhia Energ\u00e9tica de Pernambuco, o interior do Estado foi \u00e0 regi\u00e3o mais afetada. A Celpe n\u00e3o informou quantos Munic\u00edpios foram atingidos. Al\u00e9m de [&hellip;]<\/p>\n","protected":false},"author":1,"featured_media":0,"comment_status":"open","ping_status":"open","sticky":false,"template":"","format":"standard","meta":{"footnotes":""},"categories":[2],"tags":[],"class_list":["post-2870","post","type-post","status-publish","format-standard","hentry","category-noticias-do-dia"],"_links":{"self":[{"href":"https:\/\/www.saloanoticias.com\/v1\/wp-json\/wp\/v2\/posts\/2870","targetHints":{"allow":["GET"]}}],"collection":[{"href":"https:\/\/www.saloanoticias.com\/v1\/wp-json\/wp\/v2\/posts"}],"about":[{"href":"https:\/\/www.saloanoticias.com\/v1\/wp-json\/wp\/v2\/types\/post"}],"author":[{"embeddable":true,"href":"https:\/\/www.saloanoticias.com\/v1\/wp-json\/wp\/v2\/users\/1"}],"replies":[{"embeddable":true,"href":"https:\/\/www.saloanoticias.com\/v1\/wp-json\/wp\/v2\/comments?post=2870"}],"version-history":[{"count":0,"href":"https:\/\/www.saloanoticias.com\/v1\/wp-json\/wp\/v2\/posts\/2870\/revisions"}],"wp:attachment":[{"href":"https:\/\/www.saloanoticias.com\/v1\/wp-json\/wp\/v2\/media?parent=2870"}],"wp:term":[{"taxonomy":"category","embeddable":true,"href":"https:\/\/www.saloanoticias.com\/v1\/wp-json\/wp\/v2\/categories?post=2870"},{"taxonomy":"post_tag","embeddable":true,"href":"https:\/\/www.saloanoticias.com\/v1\/wp-json\/wp\/v2\/tags?post=2870"}],"curies":[{"name":"wp","href":"https:\/\/api.w.org\/{rel}","templated":true}]}}