{"id":2869,"date":"2016-08-30T11:00:00","date_gmt":"2016-08-30T11:00:00","guid":{"rendered":"https:\/\/saloanoticias.mrmediaweb.com\/v1\/2016\/08\/30\/ricardo-e-socorro-do-leite-visitam-a-serrinha-da-prata\/"},"modified":"2016-08-30T11:00:00","modified_gmt":"2016-08-30T11:00:00","slug":"ricardo-e-socorro-do-leite-visitam-a-serrinha-da-prata","status":"publish","type":"post","link":"https:\/\/www.saloanoticias.com\/v1\/ricardo-e-socorro-do-leite-visitam-a-serrinha-da-prata\/","title":{"rendered":"RICARDO E SOCORRO DO LEITE VISITARAM A SERRINHA DA PRATA NO DOMINGO (28)"},"content":{"rendered":"<p align=\"justify\"><font size=\"3\" face=\"Arial\"><a href=\"http:\/\/www.saloanoticias.com\/images\/dsc_2604.jpg\"><img loading=\"lazy\" decoding=\"async\" title=\"DSC_2604\" style=\"border-left-width: 0px; border-right-width: 0px; background-image: none; border-bottom-width: 0px; float: none; padding-top: 0px; padding-left: 0px; margin: 0px auto 10px; display: block; padding-right: 0px; border-top-width: 0px\" border=\"0\" alt=\"DSC_2604\" src=\"http:\/\/www.saloanoticias.com\/v1\/wp-content\/uploads\/imagens\/dsc_2604_thumb.jpg\" width=\"1413\" height=\"936\"><\/a>O domingo, 28 de agosto, foi mais um dia de caminhadas para o grupo pol\u00edtico apelidado de \u201cCaf\u00e9 com Leite\u201d. Agora a comunidade visitada foi o povoado da Serrinha da Prata. Ricardo Alves, Socorro e Z\u00e9 do Leite, andaram casa por casa pedindo votos, acompanhados de v\u00e1rios candidatos a vereadores da coliga\u00e7\u00e3o. Todas as resid\u00eancias foram visitadas e ouviram as propostas de governo dos candidatos da situa\u00e7\u00e3o. No final do dia, j\u00e1 no t\u00e9rmino das visitas, houve um grande arrast\u00e3o liderado por Ricardo e Socorro do Leite pelas ruas da Serrinha.<\/font><\/p>\n<p align=\"justify\"><a href=\"http:\/\/www.saloanoticias.com\/images\/dsc_2681.jpg\"><img loading=\"lazy\" decoding=\"async\" title=\"DSC_2681\" style=\"border-left-width: 0px; border-right-width: 0px; background-image: none; border-bottom-width: 0px; float: none; padding-top: 0px; padding-left: 0px; margin-left: auto; display: block; padding-right: 0px; border-top-width: 0px; margin-right: auto\" border=\"0\" alt=\"DSC_2681\" src=\"http:\/\/www.saloanoticias.com\/v1\/wp-content\/uploads\/imagens\/dsc_2681_thumb.jpg\" width=\"1409\" height=\"934\"><\/a><\/p>\n<p align=\"justify\"><font size=\"3\" face=\"Arial\">Na pra\u00e7a central da comunidade houve um r\u00e1pido discurso de Ricardo agradecendo a receptividade e o carinho dos moradores da Serrinha. Socorro do Leite tamb\u00e9m agradeceu e a partir da\u00ed foi s\u00f3 festa. Centenas de casas aderiram ao grupo Caf\u00e9 com Leite e colocaram as bandeirinhas. Confira abaixo algumas fotos deste movimento que arrastou uma enorme quantidade de pessoas \u00e0s ruas. Fotos: Bruno Alison<\/font><\/p>\n<p align=\"justify\"><a href=\"http:\/\/www.saloanoticias.com\/images\/dsc_2647.jpg\"><img loading=\"lazy\" decoding=\"async\" title=\"DSC_2647\" style=\"border-left-width: 0px; border-right-width: 0px; background-image: none; border-bottom-width: 0px; float: none; padding-top: 0px; padding-left: 0px; margin-left: auto; display: block; padding-right: 0px; border-top-width: 0px; margin-right: auto\" border=\"0\" alt=\"DSC_2647\" src=\"http:\/\/www.saloanoticias.com\/v1\/wp-content\/uploads\/imagens\/dsc_2647_thumb.jpg\" width=\"1411\" height=\"935\"><\/a><\/p>\n<p><a href=\"http:\/\/www.saloanoticias.com\/images\/dsc_2704.jpg\"><img loading=\"lazy\" decoding=\"async\" title=\"DSC_2704\" style=\"border-left-width: 0px; border-right-width: 0px; background-image: none; border-bottom-width: 0px; float: none; padding-top: 0px; padding-left: 0px; margin-left: auto; display: block; padding-right: 0px; border-top-width: 0px; margin-right: auto\" border=\"0\" alt=\"DSC_2704\" src=\"http:\/\/www.saloanoticias.com\/v1\/wp-content\/uploads\/imagens\/dsc_2704_thumb.jpg\" width=\"1414\" height=\"937\"><\/a><\/p>\n<p><a href=\"http:\/\/www.saloanoticias.com\/images\/dsc_2563.jpg\"><img loading=\"lazy\" decoding=\"async\" title=\"DSC_2563\" style=\"border-left-width: 0px; border-right-width: 0px; background-image: none; border-bottom-width: 0px; float: none; padding-top: 0px; padding-left: 0px; margin-left: auto; display: block; padding-right: 0px; border-top-width: 0px; margin-right: auto\" border=\"0\" alt=\"DSC_2563\" src=\"http:\/\/www.saloanoticias.com\/v1\/wp-content\/uploads\/imagens\/dsc_2563_thumb.jpg\" width=\"1416\" height=\"938\"><\/a><\/p>\n<p><a href=\"http:\/\/www.saloanoticias.com\/images\/dsc_2623.jpg\"><img loading=\"lazy\" decoding=\"async\" title=\"DSC_2623\" style=\"border-left-width: 0px; border-right-width: 0px; background-image: none; border-bottom-width: 0px; float: none; padding-top: 0px; padding-left: 0px; margin-left: auto; display: block; padding-right: 0px; border-top-width: 0px; margin-right: auto\" border=\"0\" alt=\"DSC_2623\" src=\"http:\/\/www.saloanoticias.com\/v1\/wp-content\/uploads\/imagens\/dsc_2623_thumb.jpg\" width=\"1416\" height=\"938\"><\/a><\/p>\n<p><a href=\"http:\/\/www.saloanoticias.com\/images\/dsc_2710.jpg\"><img loading=\"lazy\" decoding=\"async\" title=\"DSC_2710\" style=\"border-left-width: 0px; border-right-width: 0px; background-image: none; border-bottom-width: 0px; float: none; padding-top: 0px; padding-left: 0px; margin-left: auto; display: block; padding-right: 0px; border-top-width: 0px; margin-right: auto\" border=\"0\" alt=\"DSC_2710\" src=\"http:\/\/www.saloanoticias.com\/v1\/wp-content\/uploads\/imagens\/dsc_2710_thumb.jpg\" width=\"1416\" height=\"938\"><\/a><\/p>\n<p><a href=\"http:\/\/www.saloanoticias.com\/images\/dsc_2790_e40844cf8b58c3e7eeb0ed0e59f60dc4.jpg\"><img loading=\"lazy\" decoding=\"async\" title=\"DSC_2790\" style=\"border-left-width: 0px; border-right-width: 0px; background-image: none; border-bottom-width: 0px; float: none; padding-top: 0px; padding-left: 0px; margin-left: auto; display: block; padding-right: 0px; border-top-width: 0px; margin-right: auto\" border=\"0\" alt=\"DSC_2790\" src=\"http:\/\/www.saloanoticias.com\/v1\/wp-content\/uploads\/imagens\/dsc_2790_thumb_9eadd85bc50534b391a198f34dbd1d4b.jpg\" width=\"1414\" height=\"937\"><\/a><\/p>\n<p><a href=\"http:\/\/www.saloanoticias.com\/images\/dsc_2814_89a04d4246972ad472a99a0d9e2c4aaa.jpg\"><img loading=\"lazy\" decoding=\"async\" title=\"DSC_2814\" style=\"border-left-width: 0px; border-right-width: 0px; background-image: none; border-bottom-width: 0px; float: none; padding-top: 0px; padding-left: 0px; margin-left: auto; display: block; padding-right: 0px; border-top-width: 0px; margin-right: auto\" border=\"0\" alt=\"DSC_2814\" src=\"http:\/\/www.saloanoticias.com\/v1\/wp-content\/uploads\/imagens\/dsc_2814_thumb_e490cdd266724ae1dc2ed43a2ee0d731.jpg\" width=\"1415\" height=\"938\"><\/a><\/p>\n<p><a href=\"http:\/\/www.saloanoticias.com\/images\/dsc_2818.jpg\"><img loading=\"lazy\" decoding=\"async\" title=\"DSC_2818\" style=\"border-left-width: 0px; border-right-width: 0px; background-image: none; border-bottom-width: 0px; float: none; padding-top: 0px; padding-left: 0px; margin-left: auto; display: block; padding-right: 0px; border-top-width: 0px; margin-right: auto\" border=\"0\" alt=\"DSC_2818\" src=\"http:\/\/www.saloanoticias.com\/v1\/wp-content\/uploads\/imagens\/dsc_2818_thumb.jpg\" width=\"1420\" height=\"940\"><\/a><\/p>\n<div style=\"margin-top: 0px; margin-bottom: 0px;\" class=\"sharethis-inline-share-buttons\" ><\/div>","protected":false},"excerpt":{"rendered":"<p>O domingo, 28 de agosto, foi mais um dia de caminhadas para o grupo pol\u00edtico apelidado de \u201cCaf\u00e9 com Leite\u201d. Agora a comunidade visitada foi o povoado da Serrinha da Prata. Ricardo Alves, Socorro e Z\u00e9 do Leite, andaram casa por casa pedindo votos, acompanhados de v\u00e1rios candidatos a vereadores da coliga\u00e7\u00e3o. Todas as resid\u00eancias [&hellip;]<\/p>\n","protected":false},"author":1,"featured_media":0,"comment_status":"open","ping_status":"open","sticky":false,"template":"","format":"standard","meta":{"footnotes":""},"categories":[2],"tags":[],"class_list":["post-2869","post","type-post","status-publish","format-standard","hentry","category-noticias-do-dia"],"_links":{"self":[{"href":"https:\/\/www.saloanoticias.com\/v1\/wp-json\/wp\/v2\/posts\/2869","targetHints":{"allow":["GET"]}}],"collection":[{"href":"https:\/\/www.saloanoticias.com\/v1\/wp-json\/wp\/v2\/posts"}],"about":[{"href":"https:\/\/www.saloanoticias.com\/v1\/wp-json\/wp\/v2\/types\/post"}],"author":[{"embeddable":true,"href":"https:\/\/www.saloanoticias.com\/v1\/wp-json\/wp\/v2\/users\/1"}],"replies":[{"embeddable":true,"href":"https:\/\/www.saloanoticias.com\/v1\/wp-json\/wp\/v2\/comments?post=2869"}],"version-history":[{"count":0,"href":"https:\/\/www.saloanoticias.com\/v1\/wp-json\/wp\/v2\/posts\/2869\/revisions"}],"wp:attachment":[{"href":"https:\/\/www.saloanoticias.com\/v1\/wp-json\/wp\/v2\/media?parent=2869"}],"wp:term":[{"taxonomy":"category","embeddable":true,"href":"https:\/\/www.saloanoticias.com\/v1\/wp-json\/wp\/v2\/categories?post=2869"},{"taxonomy":"post_tag","embeddable":true,"href":"https:\/\/www.saloanoticias.com\/v1\/wp-json\/wp\/v2\/tags?post=2869"}],"curies":[{"name":"wp","href":"https:\/\/api.w.org\/{rel}","templated":true}]}}