{"id":28681,"date":"2025-06-02T13:54:10","date_gmt":"2025-06-02T16:54:10","guid":{"rendered":"https:\/\/www.saloanoticias.com\/v1\/?p=28681"},"modified":"2025-06-02T22:12:00","modified_gmt":"2025-06-03T01:12:00","slug":"paulo-gama-e-o-grande-homenageado-do-sao-joao-de-todos-os-tempos-em-saloa","status":"publish","type":"post","link":"https:\/\/www.saloanoticias.com\/v1\/paulo-gama-e-o-grande-homenageado-do-sao-joao-de-todos-os-tempos-em-saloa\/","title":{"rendered":"Paulo Gama \u00e9 o grande homenageado do S\u00e3o Jo\u00e3o 2025 em Salo\u00e1"},"content":{"rendered":"\n<p>Na noite da grande festa das m\u00e3es que reuniu milhares de pessoas na pra\u00e7a Agamenon Magalh\u00e3es e que teve a apresenta\u00e7\u00e3o do cantor Pablo, emo\u00e7\u00e3o e saudade marcaram a fam\u00edlia do saudoso Paulo Gama, que ser\u00e1 o grande homenageado do S\u00e3o Jo\u00e3o 2025 em Salo\u00e1.<\/p>\n\n\n\n<p>Figura respeitada e querida no munic\u00edpio. Ex-secret\u00e1rio de Administra\u00e7\u00e3o, Paulo deixou um legado de servi\u00e7o p\u00fablico exemplar e dedica\u00e7\u00e3o \u00e0 cidade, tendo atuado com comprometimento em diversas gest\u00f5es municipais.<\/p>\n\n\n\n<p>O prefeito J\u00fanior de Rivaldo destacou a import\u00e2ncia de Paulo Gama para o desenvolvimento de Salo\u00e1. \u201cPaulo foi mais que um servidor, foi um amigo, um conselheiro, algu\u00e9m que trabalhou incansavelmente por nossa terra.<\/p>\n\n\n\n<p>Nada mais justo do que celebrar sua mem\u00f3ria em um momento t\u00e3o simb\u00f3lico para nossa cultura\u201d, afirmou o gestor, durante a cerim\u00f4nia de abertura. A homenagem contou com a presen\u00e7a emocionada da esposa de Paulo, seus filhos, irm\u00e3os e outros familiares, que agradeceram o reconhecimento da contribui\u00e7\u00e3o deixada por ele.<\/p>\n\n\n<div class=\"wp-block-image\">\n<figure class=\"aligncenter size-large\"><img loading=\"lazy\" decoding=\"async\" width=\"1024\" height=\"678\" src=\"https:\/\/www.saloanoticias.com\/v1\/wp-content\/uploads\/2025\/06\/IMG_6554-1024x678.jpeg\" alt=\"\" class=\"wp-image-28683\" srcset=\"https:\/\/www.saloanoticias.com\/v1\/wp-content\/uploads\/2025\/06\/IMG_6554-1024x678.jpeg 1024w, https:\/\/www.saloanoticias.com\/v1\/wp-content\/uploads\/2025\/06\/IMG_6554-300x199.jpeg 300w, https:\/\/www.saloanoticias.com\/v1\/wp-content\/uploads\/2025\/06\/IMG_6554-768x509.jpeg 768w, https:\/\/www.saloanoticias.com\/v1\/wp-content\/uploads\/2025\/06\/IMG_6554-1536x1017.jpeg 1536w, https:\/\/www.saloanoticias.com\/v1\/wp-content\/uploads\/2025\/06\/IMG_6554-2048x1356.jpeg 2048w\" sizes=\"auto, (max-width: 1024px) 100vw, 1024px\" \/><\/figure>\n<\/div>\n\n\n<p> O evento tamb\u00e9m reuniu amigos e colegas de trabalho que relembraram sua trajet\u00f3ria marcada pela seriedade, honestidade e amor por Salo\u00e1. Paulo Gama \u00e9 lembrado n\u00e3o apenas por sua atua\u00e7\u00e3o pol\u00edtica, mas tamb\u00e9m pelo seu carisma, simplicidade e pela maneira humana com que tratava a todos.<\/p>\n\n\n\n<p>Sua mem\u00f3ria segue viva nos cora\u00e7\u00f5es dos saloaenses, agora eternizada no S\u00e3o Jo\u00e3o de Todos os Tempos, que celebra n\u00e3o s\u00f3 a cultura nordestina, mas tamb\u00e9m a hist\u00f3ria daqueles que ajudaram a construir o munic\u00edpio com dignidade.<\/p>\n\n\n\n<p>A festividade continua com programa\u00e7\u00e3o cultural, shows e apresenta\u00e7\u00f5es t\u00edpicas, mantendo viva a tradi\u00e7\u00e3o junina e celebrando a mem\u00f3ria de um homem que tanto contribuiu para a cidade.<\/p>\n\n\n<div class=\"wp-block-image\">\n<figure class=\"aligncenter size-large\"><img loading=\"lazy\" decoding=\"async\" width=\"1024\" height=\"678\" src=\"https:\/\/www.saloanoticias.com\/v1\/wp-content\/uploads\/2025\/06\/IMG_6527-1024x678.jpeg\" alt=\"\" class=\"wp-image-28684\" srcset=\"https:\/\/www.saloanoticias.com\/v1\/wp-content\/uploads\/2025\/06\/IMG_6527-1024x678.jpeg 1024w, https:\/\/www.saloanoticias.com\/v1\/wp-content\/uploads\/2025\/06\/IMG_6527-300x199.jpeg 300w, https:\/\/www.saloanoticias.com\/v1\/wp-content\/uploads\/2025\/06\/IMG_6527-768x509.jpeg 768w, https:\/\/www.saloanoticias.com\/v1\/wp-content\/uploads\/2025\/06\/IMG_6527-1536x1017.jpeg 1536w, https:\/\/www.saloanoticias.com\/v1\/wp-content\/uploads\/2025\/06\/IMG_6527-2048x1356.jpeg 2048w\" sizes=\"auto, (max-width: 1024px) 100vw, 1024px\" \/><\/figure>\n<\/div><div style=\"margin-top: 0px; margin-bottom: 0px;\" class=\"sharethis-inline-share-buttons\" ><\/div>","protected":false},"excerpt":{"rendered":"<p>Na noite da grande festa das m\u00e3es que reuniu milhares de pessoas na pra\u00e7a Agamenon Magalh\u00e3es e que teve a apresenta\u00e7\u00e3o do cantor Pablo, emo\u00e7\u00e3o e saudade marcaram a fam\u00edlia do saudoso Paulo Gama, que ser\u00e1 o grande homenageado do S\u00e3o Jo\u00e3o 2025 em Salo\u00e1. Figura respeitada e querida no munic\u00edpio. Ex-secret\u00e1rio de Administra\u00e7\u00e3o, Paulo [&hellip;]<\/p>\n","protected":false},"author":1,"featured_media":28682,"comment_status":"closed","ping_status":"closed","sticky":false,"template":"","format":"standard","meta":{"footnotes":""},"categories":[21],"tags":[22],"class_list":["post-28681","post","type-post","status-publish","format-standard","has-post-thumbnail","hentry","category-cidade","tag-destaques"],"_links":{"self":[{"href":"https:\/\/www.saloanoticias.com\/v1\/wp-json\/wp\/v2\/posts\/28681","targetHints":{"allow":["GET"]}}],"collection":[{"href":"https:\/\/www.saloanoticias.com\/v1\/wp-json\/wp\/v2\/posts"}],"about":[{"href":"https:\/\/www.saloanoticias.com\/v1\/wp-json\/wp\/v2\/types\/post"}],"author":[{"embeddable":true,"href":"https:\/\/www.saloanoticias.com\/v1\/wp-json\/wp\/v2\/users\/1"}],"replies":[{"embeddable":true,"href":"https:\/\/www.saloanoticias.com\/v1\/wp-json\/wp\/v2\/comments?post=28681"}],"version-history":[{"count":6,"href":"https:\/\/www.saloanoticias.com\/v1\/wp-json\/wp\/v2\/posts\/28681\/revisions"}],"predecessor-version":[{"id":28691,"href":"https:\/\/www.saloanoticias.com\/v1\/wp-json\/wp\/v2\/posts\/28681\/revisions\/28691"}],"wp:featuredmedia":[{"embeddable":true,"href":"https:\/\/www.saloanoticias.com\/v1\/wp-json\/wp\/v2\/media\/28682"}],"wp:attachment":[{"href":"https:\/\/www.saloanoticias.com\/v1\/wp-json\/wp\/v2\/media?parent=28681"}],"wp:term":[{"taxonomy":"category","embeddable":true,"href":"https:\/\/www.saloanoticias.com\/v1\/wp-json\/wp\/v2\/categories?post=28681"},{"taxonomy":"post_tag","embeddable":true,"href":"https:\/\/www.saloanoticias.com\/v1\/wp-json\/wp\/v2\/tags?post=28681"}],"curies":[{"name":"wp","href":"https:\/\/api.w.org\/{rel}","templated":true}]}}